{"id":123549,"date":"2021-08-07T08:36:25","date_gmt":"2021-08-07T12:36:25","guid":{"rendered":"https:\/\/linitiative.ca\/International\/federation-des-associations-islamiques-du-burkina-le-president-du-faso-assiste-a-louverture-du-deuxieme-congres-ce-matin\/"},"modified":"2021-08-07T08:36:25","modified_gmt":"2021-08-07T12:36:25","slug":"federation-des-associations-islamiques-du-burkina-le-president-du-faso-assiste-a-louverture-du-deuxieme-congres-ce-matin","status":"publish","type":"post","link":"https:\/\/linitiative.ca\/International\/federation-des-associations-islamiques-du-burkina-le-president-du-faso-assiste-a-louverture-du-deuxieme-congres-ce-matin\/","title":{"rendered":"F\u00e9d\u00e9ration des Associations islamiques du Burkina : le pr\u00e9sident du Faso assiste \u00e0 l\u2019ouverture du deuxi\u00e8me congr\u00e8s ce matin"},"content":{"rendered":"<div>\n<p>Le pr\u00e9sident du Faso, Roch Marc Christian Kabor\u00e9, a assist\u00e9, ce matin, \u00e0 la c\u00e9r\u00e9monie d\u2019ouverture du 2e congr\u00e8s ordinaire de la F\u00e9d\u00e9ration des Associations islamiques du Burkina Faso (FAIB).<\/p>\n<p>Le pr\u00e9sident du pr\u00e9sidium de la FAIB, Omar Zoungrana s\u2019est r\u00e9joui de la pr\u00e9sence effective du chef de l\u2019Etat \u00e0 l\u2019ouverture de ce congr\u00e8s.<\/p>\n<p>\u00abC\u2019est la preuve, d\u2019une part, de l\u2019int\u00e9r\u00eat que vous portez \u00e0 la faiti\u00e8re des associations islamiques du Burkina, ainsi qu\u2019aux pr\u00e9occupations des musulmans de notre pays, et, d\u2019autre part, de votre engagement dans l\u2019accompagnement des diff\u00e9rentes communaut\u00e9s religieuses au Burkina Faso\u00bb a-t-il soulign\u00e9.<\/p>\n<p><img decoding=\"async\" loading=\"lazy\" class=\"alignnone wp-image-38279 size-full\" src=\"https:\/\/linitiative.ca\/International\/wp-content\/uploads\/sites\/23\/2021\/08\/ph-esn.jpg\" alt=\"\" width=\"720\" height=\"480\" srcset=\"https:\/\/linitiative.ca\/International\/wp-content\/uploads\/sites\/23\/2021\/08\/ph-esn.jpg 720w, https:\/\/www.sidwaya.info\/wp-content\/uploads\/2021\/08\/ph-esn-300x200.jpg 300w, https:\/\/www.sidwaya.info\/wp-content\/uploads\/2021\/08\/ph-esn-150x100.jpg 150w, https:\/\/www.sidwaya.info\/wp-content\/uploads\/2021\/08\/ph-esn-696x464.jpg 696w, https:\/\/www.sidwaya.info\/wp-content\/uploads\/2021\/08\/ph-esn-630x420.jpg 630w\" sizes=\"auto, (max-width: 720px) 100vw, 720px\"><\/p>\n<p>Plac\u00e9e sous le th\u00e8me : \u00abQuelles r\u00e9formes organisationnelles et institutionnelles pour une FAIB plus forte\u00bb, cette rencontre statutaire de la FAIB va permettre aux congressistes de faire le bilan des quatre derni\u00e8res ann\u00e9es des actions de leur faiti\u00e8re. Ils proc\u00e9deront \u00e9galement au renouvellement des membres des structures de la FAIB.<\/p>\n<p>Le pr\u00e9sident du pr\u00e9sidium de la FAIB, Omar Zoungrana a saisi cette occasion pour condamner les actes terroristes, et exprimer leur soutien \u00e0 l\u2019ensemble des acteurs engag\u00e9s dans la lutte contre ce fl\u00e9au. \u00ab L\u2019islam est une religion de paix et de respect de la vie humaine \u00bb, a-t-il rappel\u00e9.<\/p>\n<p><img decoding=\"async\" loading=\"lazy\" class=\"alignnone wp-image-38281 size-full\" src=\"https:\/\/linitiative.ca\/International\/wp-content\/uploads\/sites\/23\/2021\/08\/ph-ilmam.jpg\" alt=\"\" width=\"720\" height=\"480\" srcset=\"https:\/\/linitiative.ca\/International\/wp-content\/uploads\/sites\/23\/2021\/08\/ph-ilmam.jpg 720w, https:\/\/www.sidwaya.info\/wp-content\/uploads\/2021\/08\/ph-ilmam-300x200.jpg 300w, https:\/\/www.sidwaya.info\/wp-content\/uploads\/2021\/08\/ph-ilmam-150x100.jpg 150w, https:\/\/www.sidwaya.info\/wp-content\/uploads\/2021\/08\/ph-ilmam-696x464.jpg 696w, https:\/\/www.sidwaya.info\/wp-content\/uploads\/2021\/08\/ph-ilmam-630x420.jpg 630w\" sizes=\"auto, (max-width: 720px) 100vw, 720px\"><\/p>\n<p><strong>Direction de la communication de la pr\u00e9sidence du Faso<\/strong><\/p>\n<p>L\u2019article <a rel=\"nofollow\" href=\"https:\/\/www.sidwaya.info\/blog\/2021\/08\/07\/federation-des-associations-islamiques-du-burkina-le-president-du-faso-assiste-a-louverture-du-deuxieme-congres-ce-matin\/\">F\u00e9d\u00e9ration des Associations islamiques du Burkina : le pr\u00e9sident du Faso assiste \u00e0 l\u2019ouverture du deuxi\u00e8me congr\u00e8s ce matin<\/a> est apparu en premier sur <a rel=\"nofollow\" href=\"https:\/\/www.sidwaya.info\/\">Quotidien Sidwaya<\/a>.<\/p>\n<\/div>\n<p>Auteur: Wamini SIDWAYA<br \/>\n<a href=\"https:\/\/www.sidwaya.info\/blog\/2021\/08\/07\/federation-des-associations-islamiques-du-burkina-le-president-du-faso-assiste-a-louverture-du-deuxieme-congres-ce-matin\/\">Cliquez ici pour lire l&rsquo;article depuis sa source.<\/a><\/p>\n","protected":false},"excerpt":{"rendered":"<p>Le pr\u00e9sident du Faso, Roch Marc Christian Kabor\u00e9, a assist\u00e9, ce matin, \u00e0 la c\u00e9r\u00e9monie d\u2019ouverture du 2e congr\u00e8s ordinaire de la F\u00e9d\u00e9ration des Associations islamiques du Burkina Faso (FAIB). Le pr\u00e9sident du pr\u00e9sidium de la FAIB, Omar Zoungrana s\u2019est r\u00e9joui de la pr\u00e9sence effective du chef de l\u2019Etat \u00e0 l\u2019ouverture de ce congr\u00e8s. \u00abC\u2019est [&hellip;]<\/p>\n","protected":false},"author":1816,"featured_media":0,"comment_status":"closed","ping_status":"closed","sticky":false,"template":"","format":"standard","meta":{"fifu_image_url":"https:\/\/www.sidwaya.info\/wp-content\/uploads\/2021\/08\/ph-esn.jpg","fifu_image_alt":"F\u00e9d\u00e9ration des Associations islamiques du Burkina : le pr\u00e9sident du Faso assiste \u00e0 l\u2019ouverture du deuxi\u00e8me congr\u00e8s ce matin","footnotes":""},"categories":[73,81],"tags":[],"class_list":["post-123549","post","type-post","status-publish","format-standard","hentry","category-actualite","category-burkina-faso"],"_links":{"self":[{"href":"https:\/\/linitiative.ca\/International\/wp-json\/wp\/v2\/posts\/123549","targetHints":{"allow":["GET"]}}],"collection":[{"href":"https:\/\/linitiative.ca\/International\/wp-json\/wp\/v2\/posts"}],"about":[{"href":"https:\/\/linitiative.ca\/International\/wp-json\/wp\/v2\/types\/post"}],"author":[{"embeddable":true,"href":"https:\/\/linitiative.ca\/International\/wp-json\/wp\/v2\/users\/1816"}],"replies":[{"embeddable":true,"href":"https:\/\/linitiative.ca\/International\/wp-json\/wp\/v2\/comments?post=123549"}],"version-history":[{"count":0,"href":"https:\/\/linitiative.ca\/International\/wp-json\/wp\/v2\/posts\/123549\/revisions"}],"wp:attachment":[{"href":"https:\/\/linitiative.ca\/International\/wp-json\/wp\/v2\/media?parent=123549"}],"wp:term":[{"taxonomy":"category","embeddable":true,"href":"https:\/\/linitiative.ca\/International\/wp-json\/wp\/v2\/categories?post=123549"},{"taxonomy":"post_tag","embeddable":true,"href":"https:\/\/linitiative.ca\/International\/wp-json\/wp\/v2\/tags?post=123549"}],"curies":[{"name":"wp","href":"https:\/\/api.w.org\/{rel}","templated":true}]}}