{"id":12355,"date":"2019-02-08T12:59:00","date_gmt":"2019-02-08T17:59:00","guid":{"rendered":"https:\/\/linitiative.ca\/International\/algerie-allemagne-vers-la-densification-des-echanges-commerciaux\/"},"modified":"2019-02-08T12:59:00","modified_gmt":"2019-02-08T17:59:00","slug":"algerie-allemagne-vers-la-densification-des-echanges-commerciaux","status":"publish","type":"post","link":"https:\/\/linitiative.ca\/International\/algerie-allemagne-vers-la-densification-des-echanges-commerciaux\/","title":{"rendered":"ALGERIE -ALLEMAGNE : Vers la densification des \u00e9changes commerciaux"},"content":{"rendered":"<p><br id=\"sep_para_1\" class=\"sep_para access\"\/><\/p>\n<div id=\"para_1\" class=\"para_29120164 resize\">\n<div class=\"texte access firstletter\">Le ministre du Commerce Said Djellab a appel\u00e9 les chefs d\u2019entreprises allemandes \u00e0 densifier les \u00e9changes commerciaux entre l\u2019Alg\u00e9rie et l\u2019Allemagne en s\u2019appuyant sur des partenariats dans le domaine de l\u2019exportation agricole. \u00ab\u00a0 Nos \u00e9changes avec l\u2019Allemagne ont connu des niveaux assez appr\u00e9ciables et nous souhaitons renforcer cette tendance \u00e0 travers les produits agricoles \u00bb, a indiqu\u00e9 M. Djellab dans son allocution lors d\u2019une r\u00e9ception \u00e0 l\u2019honneur des communaut\u00e9s d\u2019affaires des deux pays, organis\u00e9e jeudi soir \u00e0 Berlin en marge du Salon international des fruits et l\u00e9gumes \u00ab Fruit Logistica 2019 \u00bb. Le ministre a mis en exergue dans ce sens les \u00ab avanc\u00e9es consid\u00e9rables \u00bb r\u00e9alis\u00e9es dans le secteur agricole \u00e0 travers notamment la hausse importante de la production, qui a permis de renouer avec l\u2019exportation. \u00ab N\u00e9anmoins, cette dynamique de production enregistr\u00e9e dans le secteur de l\u2019agriculture doit \u00eatre consolid\u00e9e par des investissements pour renforcer les capacit\u00e9s logistiques en mati\u00e8re de transformation, de conditionnement et de conservation des fruits et l\u00e9gumes en particulier \u00bb, a-t-il soulign\u00e9. Selon le ministre, l\u2019am\u00e9lioration du fonctionnement des circuits de distribution des produits agricoles encadr\u00e9 par l\u2019organisation professionnelle des fili\u00e8res et l\u2019av\u00e8nement de la grande distribution moderne devrait induire une transformation positive de toutes les chaines de valeur des fili\u00e8res agricoles et agro-industrielles.<\/div>\n<\/div>\n","protected":false},"excerpt":{"rendered":"<p>Le ministre du Commerce Said Djellab a appel\u00e9 les chefs d\u2019entreprises allemandes \u00e0 densifier les \u00e9changes commerciaux entre l\u2019Alg\u00e9rie et l\u2019Allemagne en s\u2019appuyant sur des partenariats dans le domaine de l\u2019exportation agricole. \u00ab\u00a0 Nos \u00e9changes avec l\u2019Allemagne ont connu des niveaux assez appr\u00e9ciables et nous souhaitons renforcer cette tendance \u00e0 travers les produits agricoles \u00bb, [&hellip;]<\/p>\n","protected":false},"author":1740,"featured_media":0,"comment_status":"closed","ping_status":"closed","sticky":false,"template":"","format":"standard","meta":{"fifu_image_url":"","fifu_image_alt":"","footnotes":""},"categories":[53,76],"tags":[],"class_list":["post-12355","post","type-post","status-publish","format-standard","hentry","category-algerie","category-regions"],"_links":{"self":[{"href":"https:\/\/linitiative.ca\/International\/wp-json\/wp\/v2\/posts\/12355","targetHints":{"allow":["GET"]}}],"collection":[{"href":"https:\/\/linitiative.ca\/International\/wp-json\/wp\/v2\/posts"}],"about":[{"href":"https:\/\/linitiative.ca\/International\/wp-json\/wp\/v2\/types\/post"}],"author":[{"embeddable":true,"href":"https:\/\/linitiative.ca\/International\/wp-json\/wp\/v2\/users\/1740"}],"replies":[{"embeddable":true,"href":"https:\/\/linitiative.ca\/International\/wp-json\/wp\/v2\/comments?post=12355"}],"version-history":[{"count":0,"href":"https:\/\/linitiative.ca\/International\/wp-json\/wp\/v2\/posts\/12355\/revisions"}],"wp:attachment":[{"href":"https:\/\/linitiative.ca\/International\/wp-json\/wp\/v2\/media?parent=12355"}],"wp:term":[{"taxonomy":"category","embeddable":true,"href":"https:\/\/linitiative.ca\/International\/wp-json\/wp\/v2\/categories?post=12355"},{"taxonomy":"post_tag","embeddable":true,"href":"https:\/\/linitiative.ca\/International\/wp-json\/wp\/v2\/tags?post=12355"}],"curies":[{"name":"wp","href":"https:\/\/api.w.org\/{rel}","templated":true}]}}