{"id":123552,"date":"2021-08-07T10:51:58","date_gmt":"2021-08-07T14:51:58","guid":{"rendered":"https:\/\/linitiative.ca\/International\/sahel-le-gouverneur-interdit-la-culture-des-speculations-de-hauteur\/"},"modified":"2021-08-07T10:51:58","modified_gmt":"2021-08-07T14:51:58","slug":"sahel-le-gouverneur-interdit-la-culture-des-speculations-de-hauteur","status":"publish","type":"post","link":"https:\/\/linitiative.ca\/International\/sahel-le-gouverneur-interdit-la-culture-des-speculations-de-hauteur\/","title":{"rendered":"Sahel : le Gouverneur interdit la culture des sp\u00e9culations de hauteur"},"content":{"rendered":"<div>\n<p>Dans une lettre adress\u00e9e aux hauts commissaires des provinces, le gouverneur instruit de bien vouloir saisir les maires des collectivit\u00e9s du ressort de leur territoire pour la prise de mesures idoines interdisant la culture des sp\u00e9culations de hauteur (mil, ma\u00efs, sorgho\u2026) dans les chefs-lieux de communes.<\/p>\n<p><img decoding=\"async\" loading=\"lazy\" class=\"alignnone wp-image-38285 size-full\" src=\"https:\/\/linitiative.ca\/International\/wp-content\/uploads\/sites\/23\/2021\/08\/Ph-PDF.jpg\" alt=\"\" width=\"720\" height=\"1010\" srcset=\"https:\/\/linitiative.ca\/International\/wp-content\/uploads\/sites\/23\/2021\/08\/Ph-PDF.jpg 720w, https:\/\/www.sidwaya.info\/wp-content\/uploads\/2021\/08\/Ph-PDF-214x300.jpg 214w, https:\/\/www.sidwaya.info\/wp-content\/uploads\/2021\/08\/Ph-PDF-150x210.jpg 150w, https:\/\/www.sidwaya.info\/wp-content\/uploads\/2021\/08\/Ph-PDF-300x421.jpg 300w, https:\/\/www.sidwaya.info\/wp-content\/uploads\/2021\/08\/Ph-PDF-696x976.jpg 696w, https:\/\/www.sidwaya.info\/wp-content\/uploads\/2021\/08\/Ph-PDF-299x420.jpg 299w\" sizes=\"auto, (max-width: 720px) 100vw, 720px\"><\/p>\n<p>\u00a0<\/p>\n<p>L\u2019article <a rel=\"nofollow\" href=\"https:\/\/www.sidwaya.info\/blog\/2021\/08\/07\/sahel-le-gouverneur-interdit-la-culture-des-speculations-de-hauteur\/\">Sahel : le Gouverneur interdit la culture des sp\u00e9culations de hauteur<\/a> est apparu en premier sur <a rel=\"nofollow\" href=\"https:\/\/www.sidwaya.info\/\">Quotidien Sidwaya<\/a>.<\/p>\n<\/div>\n<p>Auteur: Wamini SIDWAYA<br \/>\n<a href=\"https:\/\/www.sidwaya.info\/blog\/2021\/08\/07\/sahel-le-gouverneur-interdit-la-culture-des-speculations-de-hauteur\/\">Cliquez ici pour lire l&rsquo;article depuis sa source.<\/a><\/p>\n","protected":false},"excerpt":{"rendered":"<p>Dans une lettre adress\u00e9e aux hauts commissaires des provinces, le gouverneur instruit de bien vouloir saisir les maires des collectivit\u00e9s du ressort de leur territoire pour la prise de mesures idoines interdisant la culture des sp\u00e9culations de hauteur (mil, ma\u00efs, sorgho\u2026) dans les chefs-lieux de communes. \u00a0 L\u2019article Sahel : le Gouverneur interdit la culture [&hellip;]<\/p>\n","protected":false},"author":1816,"featured_media":0,"comment_status":"closed","ping_status":"closed","sticky":false,"template":"","format":"standard","meta":{"fifu_image_url":"https:\/\/www.sidwaya.info\/wp-content\/uploads\/2021\/08\/Ph-PDF.jpg","fifu_image_alt":"Sahel : le Gouverneur interdit la culture des sp\u00e9culations de hauteur","footnotes":""},"categories":[73,81],"tags":[],"class_list":["post-123552","post","type-post","status-publish","format-standard","hentry","category-actualite","category-burkina-faso"],"_links":{"self":[{"href":"https:\/\/linitiative.ca\/International\/wp-json\/wp\/v2\/posts\/123552","targetHints":{"allow":["GET"]}}],"collection":[{"href":"https:\/\/linitiative.ca\/International\/wp-json\/wp\/v2\/posts"}],"about":[{"href":"https:\/\/linitiative.ca\/International\/wp-json\/wp\/v2\/types\/post"}],"author":[{"embeddable":true,"href":"https:\/\/linitiative.ca\/International\/wp-json\/wp\/v2\/users\/1816"}],"replies":[{"embeddable":true,"href":"https:\/\/linitiative.ca\/International\/wp-json\/wp\/v2\/comments?post=123552"}],"version-history":[{"count":0,"href":"https:\/\/linitiative.ca\/International\/wp-json\/wp\/v2\/posts\/123552\/revisions"}],"wp:attachment":[{"href":"https:\/\/linitiative.ca\/International\/wp-json\/wp\/v2\/media?parent=123552"}],"wp:term":[{"taxonomy":"category","embeddable":true,"href":"https:\/\/linitiative.ca\/International\/wp-json\/wp\/v2\/categories?post=123552"},{"taxonomy":"post_tag","embeddable":true,"href":"https:\/\/linitiative.ca\/International\/wp-json\/wp\/v2\/tags?post=123552"}],"curies":[{"name":"wp","href":"https:\/\/api.w.org\/{rel}","templated":true}]}}