{"id":123554,"date":"2021-08-07T10:58:24","date_gmt":"2021-08-07T14:58:24","guid":{"rendered":"https:\/\/linitiative.ca\/International\/rencontre-entre-le-chef-de-letat-et-les-acteurs-des-medias-et-de-la-communication-les-choses-se-precisent\/"},"modified":"2021-08-07T10:58:24","modified_gmt":"2021-08-07T14:58:24","slug":"rencontre-entre-le-chef-de-letat-et-les-acteurs-des-medias-et-de-la-communication-les-choses-se-precisent","status":"publish","type":"post","link":"https:\/\/linitiative.ca\/International\/rencontre-entre-le-chef-de-letat-et-les-acteurs-des-medias-et-de-la-communication-les-choses-se-precisent\/","title":{"rendered":"Rencontre entre le chef de l\u2019Etat et les acteurs des m\u00e9dias et de la communication : les choses se pr\u00e9cisent."},"content":{"rendered":"<div>\n<p>Le pool des conseillers techniques et des charg\u00e9s de missions du minist\u00e8re de la communication et des relations avec le parlement est en retraite \u00e0 Manga dans le Centre-sud pour franchir une \u00e9tape dans la feuille de route pour l\u2019organisation de la rencontre entre le chef de l\u2019Etat et les acteurs des m\u00e9dias et de la communication.<\/p>\n<p>A Manga, il sera question pour ces cadres du minist\u00e8re de mettre en forme l\u2019ensemble des conclusions issues des ateliers sectoriels, dans le but de leur transmission aux minist\u00e8res interpell\u00e9s.<\/p>\n<p>En effet, \u00ab Il y a eu des travaux sectoriels qui ont permis \u00e0 chaque entit\u00e9 de d\u00e9finir ses pr\u00e9occupations et proposer les pistes de solutions. Il s\u2019agit pour nous de mettre en commun l\u2019ensemble de ces propositions, d\u00e9gager les minist\u00e8res ou institutions publiques concern\u00e9s \u00bb, a indiqu\u00e9 Felix Kambir\u00e9, conseiller technique et pr\u00e9sident des travaux.<\/p>\n<p>L\u2019int\u00e9r\u00eat de ces travaux est la constitution d\u2019un document unique des pr\u00e9occupations et recommandations des acteurs des m\u00e9dias et de la communication, qui sera transmis aux membres du gouvernement en vue de pr\u00e9parer les r\u00e9ponses et\/ou les engagements lors de la rencontre avec le chef de l\u2019Etat.<br \/>\nTout cela entre en conformit\u00e9 avec la feuille de route adopt\u00e9e pour l\u2019organisation de cette rencontre qui est une premi\u00e8re pour le Burkina Faso.<br \/>\nAu total, 11 groupes sectoriels ont \u00e9t\u00e9 constitu\u00e9s pour poser les probl\u00e8mes et les pistes de solutions de l\u2019ensemble de la presse et de la communication au Burkina. Des journalistes en exercice \u00e0 ceux \u00e0 admis \u00e0 la retraite en passant par les patrons de m\u00e9dias, les communicants institutionnels, les partenaires sociaux, les m\u00e9dias en langue nationale, les m\u00e9dias en r\u00e9gion, les m\u00e9dias public et priv\u00e9s, les pr\u00e9occupations de tous ces acteurs seront pr\u00e9sent\u00e9es en Octobre 2021 au cours du du face \u00e0 face avec le Pr\u00e9sident du Faso.<\/p>\n<p>DCPM\/MCRP<\/p>\n<p>L\u2019article <a rel=\"nofollow\" href=\"https:\/\/www.sidwaya.info\/blog\/2021\/08\/07\/rencontre-entre-le-chef-de-letat-et-les-acteurs-des-medias-et-de-la-communication-les-choses-se-precisent\/\">Rencontre entre le chef de l\u2019Etat et les acteurs des m\u00e9dias et de la communication : les choses se pr\u00e9cisent.<\/a> est apparu en premier sur <a rel=\"nofollow\" href=\"https:\/\/www.sidwaya.info\/\">Quotidien Sidwaya<\/a>.<\/p>\n<\/div>\n<p>Auteur: BS. Sidwaya<br \/>\n<a href=\"https:\/\/www.sidwaya.info\/blog\/2021\/08\/07\/rencontre-entre-le-chef-de-letat-et-les-acteurs-des-medias-et-de-la-communication-les-choses-se-precisent\/\">Cliquez ici pour lire l&rsquo;article depuis sa source.<\/a><\/p>\n","protected":false},"excerpt":{"rendered":"<p>Le pool des conseillers techniques et des charg\u00e9s de missions du minist\u00e8re de la communication et des relations avec le parlement est en retraite \u00e0 Manga dans le Centre-sud pour franchir une \u00e9tape dans la feuille de route pour l\u2019organisation de la rencontre entre le chef de l\u2019Etat et les acteurs des m\u00e9dias et de [&hellip;]<\/p>\n","protected":false},"author":1816,"featured_media":0,"comment_status":"closed","ping_status":"closed","sticky":false,"template":"","format":"standard","meta":{"fifu_image_url":"","fifu_image_alt":"","footnotes":""},"categories":[73,81],"tags":[],"class_list":["post-123554","post","type-post","status-publish","format-standard","hentry","category-actualite","category-burkina-faso"],"_links":{"self":[{"href":"https:\/\/linitiative.ca\/International\/wp-json\/wp\/v2\/posts\/123554","targetHints":{"allow":["GET"]}}],"collection":[{"href":"https:\/\/linitiative.ca\/International\/wp-json\/wp\/v2\/posts"}],"about":[{"href":"https:\/\/linitiative.ca\/International\/wp-json\/wp\/v2\/types\/post"}],"author":[{"embeddable":true,"href":"https:\/\/linitiative.ca\/International\/wp-json\/wp\/v2\/users\/1816"}],"replies":[{"embeddable":true,"href":"https:\/\/linitiative.ca\/International\/wp-json\/wp\/v2\/comments?post=123554"}],"version-history":[{"count":0,"href":"https:\/\/linitiative.ca\/International\/wp-json\/wp\/v2\/posts\/123554\/revisions"}],"wp:attachment":[{"href":"https:\/\/linitiative.ca\/International\/wp-json\/wp\/v2\/media?parent=123554"}],"wp:term":[{"taxonomy":"category","embeddable":true,"href":"https:\/\/linitiative.ca\/International\/wp-json\/wp\/v2\/categories?post=123554"},{"taxonomy":"post_tag","embeddable":true,"href":"https:\/\/linitiative.ca\/International\/wp-json\/wp\/v2\/tags?post=123554"}],"curies":[{"name":"wp","href":"https:\/\/api.w.org\/{rel}","templated":true}]}}