{"id":123555,"date":"2021-08-07T16:30:15","date_gmt":"2021-08-07T20:30:15","guid":{"rendered":"https:\/\/linitiative.ca\/International\/jugement-des-actes-terroristes-la-tgi-ouaga-ii-tiendra-sa-1ere-session-du-9-au-13-aout-communique-procureur\/"},"modified":"2021-08-07T16:30:15","modified_gmt":"2021-08-07T20:30:15","slug":"jugement-des-actes-terroristes-la-tgi-ouaga-ii-tiendra-sa-1ere-session-du-9-au-13-aout-communique-procureur","status":"publish","type":"post","link":"https:\/\/linitiative.ca\/International\/jugement-des-actes-terroristes-la-tgi-ouaga-ii-tiendra-sa-1ere-session-du-9-au-13-aout-communique-procureur\/","title":{"rendered":"Jugement des actes Terroristes\u00a0: la TGI Ouaga II\u00a0 tiendra sa 1ere session du 9 au 13 ao\u00fbt (communiqu\u00e9 procureur)"},"content":{"rendered":"<div>\n<p>Le Procureur du Faso pr\u00e8s le Tribunal de grande instance Ouaga-II, informe l\u2019opinion publique que dans le cadre de la r\u00e9ponse judiciaire au terrorisme, la chambre correctionnelle sp\u00e9cialis\u00e9e du p\u00f4le judiciaire sp\u00e9cialis\u00e9 dans la r\u00e9pression des actes de terrorisme tiendra sa premi\u00e8re session de jugement du 9 au 13 ao\u00fbt 2021 dans la salle d\u2019audience n\u00b01 du Tribunal.<\/p>\n<p>Il invite le public au respect des consignes s\u00e9curitaires et \u00e0 l\u2019observation des gestes barri\u00e8res et de distanciation sociale dict\u00e9es par la situation li\u00e9e \u00e0 la Covid-19.<\/p>\n<p>\u00a0<\/p>\n<p>Le Procureur du Faso<\/p>\n<p>Emile ZERBO<\/p>\n<p>L\u2019article <a rel=\"nofollow\" href=\"https:\/\/www.sidwaya.info\/blog\/2021\/08\/07\/jugement-des-actes-terroristes-la-tgi-ouaga-ii-tiendra-sa-1ere-session-du-9-au-13-aout-communique-procureur\/\">Jugement des actes Terroristes\u00a0: la TGI Ouaga II\u00a0 tiendra sa 1ere session du 9 au 13 ao\u00fbt (communiqu\u00e9 procureur)<\/a> est apparu en premier sur <a rel=\"nofollow\" href=\"https:\/\/www.sidwaya.info\/\">Quotidien Sidwaya<\/a>.<\/p>\n<\/div>\n<p>Auteur: BS. Sidwaya<br \/>\n<a href=\"https:\/\/www.sidwaya.info\/blog\/2021\/08\/07\/jugement-des-actes-terroristes-la-tgi-ouaga-ii-tiendra-sa-1ere-session-du-9-au-13-aout-communique-procureur\/\">Cliquez ici pour lire l&rsquo;article depuis sa source.<\/a><\/p>\n","protected":false},"excerpt":{"rendered":"<p>Le Procureur du Faso pr\u00e8s le Tribunal de grande instance Ouaga-II, informe l\u2019opinion publique que dans le cadre de la r\u00e9ponse judiciaire au terrorisme, la chambre correctionnelle sp\u00e9cialis\u00e9e du p\u00f4le judiciaire sp\u00e9cialis\u00e9 dans la r\u00e9pression des actes de terrorisme tiendra sa premi\u00e8re session de jugement du 9 au 13 ao\u00fbt 2021 dans la salle d\u2019audience [&hellip;]<\/p>\n","protected":false},"author":1816,"featured_media":0,"comment_status":"closed","ping_status":"closed","sticky":false,"template":"","format":"standard","meta":{"fifu_image_url":"","fifu_image_alt":"","footnotes":""},"categories":[73,81],"tags":[],"class_list":["post-123555","post","type-post","status-publish","format-standard","hentry","category-actualite","category-burkina-faso"],"_links":{"self":[{"href":"https:\/\/linitiative.ca\/International\/wp-json\/wp\/v2\/posts\/123555","targetHints":{"allow":["GET"]}}],"collection":[{"href":"https:\/\/linitiative.ca\/International\/wp-json\/wp\/v2\/posts"}],"about":[{"href":"https:\/\/linitiative.ca\/International\/wp-json\/wp\/v2\/types\/post"}],"author":[{"embeddable":true,"href":"https:\/\/linitiative.ca\/International\/wp-json\/wp\/v2\/users\/1816"}],"replies":[{"embeddable":true,"href":"https:\/\/linitiative.ca\/International\/wp-json\/wp\/v2\/comments?post=123555"}],"version-history":[{"count":0,"href":"https:\/\/linitiative.ca\/International\/wp-json\/wp\/v2\/posts\/123555\/revisions"}],"wp:attachment":[{"href":"https:\/\/linitiative.ca\/International\/wp-json\/wp\/v2\/media?parent=123555"}],"wp:term":[{"taxonomy":"category","embeddable":true,"href":"https:\/\/linitiative.ca\/International\/wp-json\/wp\/v2\/categories?post=123555"},{"taxonomy":"post_tag","embeddable":true,"href":"https:\/\/linitiative.ca\/International\/wp-json\/wp\/v2\/tags?post=123555"}],"curies":[{"name":"wp","href":"https:\/\/api.w.org\/{rel}","templated":true}]}}