{"id":123558,"date":"2021-08-07T08:18:01","date_gmt":"2021-08-07T12:18:01","guid":{"rendered":"https:\/\/linitiative.ca\/International\/covid-19-sobre-celebration-de-lan-61-de-lindependance-en-cote-divoire\/"},"modified":"2021-08-07T08:18:01","modified_gmt":"2021-08-07T12:18:01","slug":"covid-19-sobre-celebration-de-lan-61-de-lindependance-en-cote-divoire","status":"publish","type":"post","link":"https:\/\/linitiative.ca\/International\/covid-19-sobre-celebration-de-lan-61-de-lindependance-en-cote-divoire\/","title":{"rendered":"Covid-19: sobre c\u00e9l\u00e9bration de l\u2019an 61 de l\u2019ind\u00e9pendance en C\u00f4te d\u2019Ivoire"},"content":{"rendered":"<div>\n<p><img loading=\"lazy\" decoding=\"async\" width=\"800\" height=\"533\" src=\"https:\/\/linitiative.ca\/International\/wp-content\/uploads\/sites\/23\/2021\/08\/16283386823497.jpg\" class=\"attachment-post-thumbnail size-post-thumbnail wp-post-image\" alt=\"\" srcset=\"https:\/\/linitiative.ca\/International\/wp-content\/uploads\/sites\/23\/2021\/08\/16283386823497.jpg 800w, https:\/\/www.journalducameroun.com\/wp-content\/uploads\/2021\/08\/16283386823497-300x200.jpg 300w, https:\/\/www.journalducameroun.com\/wp-content\/uploads\/2021\/08\/16283386823497-768x512.jpg 768w, https:\/\/www.journalducameroun.com\/wp-content\/uploads\/2021\/08\/16283386823497-660x440.jpg 660w, https:\/\/www.journalducameroun.com\/wp-content\/uploads\/2021\/08\/16283386823497-600x400.jpg 600w\" sizes=\"auto, (max-width: 800px) 100vw, 800px\"><\/p>\n<p>La c\u00e9r\u00e9monie comm\u00e9morative du 61e anniversaire de l&rsquo;Ind\u00e9pendance de la C\u00f4te d&rsquo;Ivoire s&rsquo;est tenue samedi sur l&rsquo;esplanade de la pr\u00e9sidence de la R\u00e9publique \u00e0 travers une prise d&rsquo;armes, en raison de la r\u00e9surgence des cas de Covid-19.<\/p>\n<p>Le Premier ministre Patrick Achi repr\u00e9sentait le chef de l&rsquo;Etat Alassane Ouattara, absent pour cause de confinement suite \u00e0 un contact avec un sujet d\u00e9clar\u00e9 positif au Covid-19, lors de cette prise d&rsquo;armes symbolique qui a marqu\u00e9 les festivit\u00e9s de l&rsquo;ind\u00e9pendance.\u00a0<\/p>\n<p>Le ministre d&rsquo;Etat, ministre de la D\u00e9fense, T\u00e9n\u00e9 Birahima Ouattara, \u00e9tait \u00e9galement absent. Suite \u00e0 un contact avec un cas positif \u00e0 la Covid-19, il s&rsquo;est \u00e9galement mis en confinement selon les recommandations sanitaires en vigueur. \u00a0<\/p>\n<p>La c\u00e9r\u00e9monie de prise d&rsquo;armes&rsquo;d&rsquo;armes op\u00e9r\u00e9e sur l&rsquo;esplanade de la pr\u00e9sidence de la R\u00e9publique au Plateau, le quartier des Affaires d&rsquo;Abidjan, s&rsquo;est d\u00e9roul\u00e9e environ 15 minutes, en pr\u00e9sence de pr\u00e9sidents d&rsquo;institutions et d&rsquo;officiers g\u00e9n\u00e9raux.\u00a0<\/p>\n<p>Cet article <a rel=\"nofollow\" href=\"https:\/\/www.journalducameroun.com\/covid-19-sobre-celebration-de-lan-61-de-lindependance-en-cote-divoire\/\">Covid-19: sobre c\u00e9l\u00e9bration de l\u2019an 61 de l\u2019ind\u00e9pendance en C\u00f4te d\u2019Ivoire<\/a> est apparu en premier sur <a rel=\"nofollow\" href=\"https:\/\/www.journalducameroun.com\/\">Journal du Cameroun<\/a>.<\/p>\n<\/div>\n<p>Auteur: APA News<br \/>\n<a href=\"https:\/\/www.journalducameroun.com\/covid-19-sobre-celebration-de-lan-61-de-lindependance-en-cote-divoire\/\">Cliquez ici pour lire l&rsquo;article depuis sa source.<\/a><\/p>\n","protected":false},"excerpt":{"rendered":"<p>La c\u00e9r\u00e9monie comm\u00e9morative du 61e anniversaire de l&rsquo;Ind\u00e9pendance de la C\u00f4te d&rsquo;Ivoire s&rsquo;est tenue samedi sur l&rsquo;esplanade de la pr\u00e9sidence de la R\u00e9publique \u00e0 travers une prise d&rsquo;armes, en raison de la r\u00e9surgence des cas de Covid-19. Le Premier ministre Patrick Achi repr\u00e9sentait le chef de l&rsquo;Etat Alassane Ouattara, absent pour cause de confinement suite [&hellip;]<\/p>\n","protected":false},"author":1965,"featured_media":0,"comment_status":"closed","ping_status":"closed","sticky":false,"template":"","format":"standard","meta":{"fifu_image_url":"https:\/\/www.journalducameroun.com\/wp-content\/uploads\/2021\/08\/16283386823497.jpg","fifu_image_alt":"Covid-19: sobre c\u00e9l\u00e9bration de l\u2019an 61 de l\u2019ind\u00e9pendance en C\u00f4te d\u2019Ivoire","footnotes":""},"categories":[73,82],"tags":[],"class_list":["post-123558","post","type-post","status-publish","format-standard","hentry","category-actualite","category-cameroun"],"_links":{"self":[{"href":"https:\/\/linitiative.ca\/International\/wp-json\/wp\/v2\/posts\/123558","targetHints":{"allow":["GET"]}}],"collection":[{"href":"https:\/\/linitiative.ca\/International\/wp-json\/wp\/v2\/posts"}],"about":[{"href":"https:\/\/linitiative.ca\/International\/wp-json\/wp\/v2\/types\/post"}],"author":[{"embeddable":true,"href":"https:\/\/linitiative.ca\/International\/wp-json\/wp\/v2\/users\/1965"}],"replies":[{"embeddable":true,"href":"https:\/\/linitiative.ca\/International\/wp-json\/wp\/v2\/comments?post=123558"}],"version-history":[{"count":0,"href":"https:\/\/linitiative.ca\/International\/wp-json\/wp\/v2\/posts\/123558\/revisions"}],"wp:attachment":[{"href":"https:\/\/linitiative.ca\/International\/wp-json\/wp\/v2\/media?parent=123558"}],"wp:term":[{"taxonomy":"category","embeddable":true,"href":"https:\/\/linitiative.ca\/International\/wp-json\/wp\/v2\/categories?post=123558"},{"taxonomy":"post_tag","embeddable":true,"href":"https:\/\/linitiative.ca\/International\/wp-json\/wp\/v2\/tags?post=123558"}],"curies":[{"name":"wp","href":"https:\/\/api.w.org\/{rel}","templated":true}]}}