{"id":12356,"date":"2019-02-08T12:59:00","date_gmt":"2019-02-08T17:59:00","guid":{"rendered":"https:\/\/linitiative.ca\/International\/election-presidentille-le-pt-rejette-lidee-dun-candidat-unique-pour-lopposition\/"},"modified":"2019-02-08T12:59:00","modified_gmt":"2019-02-08T17:59:00","slug":"election-presidentille-le-pt-rejette-lidee-dun-candidat-unique-pour-lopposition","status":"publish","type":"post","link":"https:\/\/linitiative.ca\/International\/election-presidentille-le-pt-rejette-lidee-dun-candidat-unique-pour-lopposition\/","title":{"rendered":"ELECTION PRESIDENTILLE   : Le PT rejette l\u2019id\u00e9e d\u2019un candidat unique pour l\u2019opposition"},"content":{"rendered":"<p><br id=\"sep_para_1\" class=\"sep_para access\"\/><\/p>\n<div id=\"para_1\" class=\"para_29120161 resize\">\n<div class=\"texte access firstletter\">La secr\u00e9taire g\u00e9n\u00e9rale du PT a fait part de son souhait de ne pas prendre part aux \u00e9lections pr\u00e9sidentielles du 18 avril prochain. Le Parti des travailleurs (PT) n\u2019adh\u00e8re pas \u00e0 l\u2019id\u00e9e du Front pour la justice et le d\u00e9veloppement (FJD) d\u2019Abdallah Djaballah, relative au candidat unique de l\u2019opposition aux prochaines \u00e9lections pr\u00e9sidentielles. Contact\u00e9 par Maghreb Emergent, le d\u00e9put\u00e9 PT, Ramdhan Youcef Ta\u00e2zibt a affirm\u00e9 que sa formation politique ne soutient pas l\u2019initiative du FJD. \u00ab Nous sommes contre cette id\u00e9e d\u2019un candidat unique de l\u2019opposition \u00bb, a-t-il d\u00e9clar\u00e9. Son argument : \u00ab cette d\u00e9marche est contraire aux principes d\u00e9mocratiques \u00bb et au pluralisme politique \u00bb. \u00ab La proposition d\u2019un seul candidat de l\u2019opposition remet en cause le multipartisme \u00bb dit-il. Il ajoute : \u00ab un candidat de l\u2019opposition pourrait \u00eatre plus dangereux que le pouvoir en place ou son candidat \u00bb. En plus des arguments politiques, Ta\u00e2zibt reproche \u00e0 Djaballah d\u2019avoir agi seul. \u00ab Nous n\u2019avons pas \u00e9t\u00e9 contact\u00e9s par Djaballah. Nous avons appris la nouvelle dans la presse \u00bb, pr\u00e9cise-t-il. Il encha\u00eene : \u00ab Il est trop tard pour discuter de tel projet \u00bb.\u00a0 Pour lui, les alliances doivent se faire sur la base d\u2019un programme \u00e9lectoral bien d\u00e9taill\u00e9.\u00a0<\/div>\n<\/div>\n","protected":false},"excerpt":{"rendered":"<p>La secr\u00e9taire g\u00e9n\u00e9rale du PT a fait part de son souhait de ne pas prendre part aux \u00e9lections pr\u00e9sidentielles du 18 avril prochain. Le Parti des travailleurs (PT) n\u2019adh\u00e8re pas \u00e0 l\u2019id\u00e9e du Front pour la justice et le d\u00e9veloppement (FJD) d\u2019Abdallah Djaballah, relative au candidat unique de l\u2019opposition aux prochaines \u00e9lections pr\u00e9sidentielles. Contact\u00e9 par [&hellip;]<\/p>\n","protected":false},"author":1740,"featured_media":0,"comment_status":"closed","ping_status":"closed","sticky":false,"template":"","format":"standard","meta":{"fifu_image_url":"","fifu_image_alt":"","footnotes":""},"categories":[53,76],"tags":[],"class_list":["post-12356","post","type-post","status-publish","format-standard","hentry","category-algerie","category-regions"],"_links":{"self":[{"href":"https:\/\/linitiative.ca\/International\/wp-json\/wp\/v2\/posts\/12356","targetHints":{"allow":["GET"]}}],"collection":[{"href":"https:\/\/linitiative.ca\/International\/wp-json\/wp\/v2\/posts"}],"about":[{"href":"https:\/\/linitiative.ca\/International\/wp-json\/wp\/v2\/types\/post"}],"author":[{"embeddable":true,"href":"https:\/\/linitiative.ca\/International\/wp-json\/wp\/v2\/users\/1740"}],"replies":[{"embeddable":true,"href":"https:\/\/linitiative.ca\/International\/wp-json\/wp\/v2\/comments?post=12356"}],"version-history":[{"count":0,"href":"https:\/\/linitiative.ca\/International\/wp-json\/wp\/v2\/posts\/12356\/revisions"}],"wp:attachment":[{"href":"https:\/\/linitiative.ca\/International\/wp-json\/wp\/v2\/media?parent=12356"}],"wp:term":[{"taxonomy":"category","embeddable":true,"href":"https:\/\/linitiative.ca\/International\/wp-json\/wp\/v2\/categories?post=12356"},{"taxonomy":"post_tag","embeddable":true,"href":"https:\/\/linitiative.ca\/International\/wp-json\/wp\/v2\/tags?post=12356"}],"curies":[{"name":"wp","href":"https:\/\/api.w.org\/{rel}","templated":true}]}}