{"id":123560,"date":"2021-08-07T08:18:02","date_gmt":"2021-08-07T12:18:02","guid":{"rendered":"https:\/\/linitiative.ca\/International\/maroc-elections-des-chambres-professionnelles-le-rni-rafle-plus-de-28-des-sieges\/"},"modified":"2021-08-07T08:18:02","modified_gmt":"2021-08-07T12:18:02","slug":"maroc-elections-des-chambres-professionnelles-le-rni-rafle-plus-de-28-des-sieges","status":"publish","type":"post","link":"https:\/\/linitiative.ca\/International\/maroc-elections-des-chambres-professionnelles-le-rni-rafle-plus-de-28-des-sieges\/","title":{"rendered":"Maroc\/Elections des chambres professionnelles: Le RNI rafle plus de 28% des si\u00e8ges"},"content":{"rendered":"<div>\n<p><img loading=\"lazy\" decoding=\"async\" width=\"297\" height=\"170\" src=\"https:\/\/linitiative.ca\/International\/wp-content\/uploads\/sites\/23\/2021\/08\/16283386829445.jpg\" class=\"attachment-post-thumbnail size-post-thumbnail wp-post-image\" alt=\"\" srcset=\"https:\/\/linitiative.ca\/International\/wp-content\/uploads\/sites\/23\/2021\/08\/16283386829445.jpg 297w, https:\/\/www.journalducameroun.com\/wp-content\/uploads\/2021\/08\/16283386829445-350x200.jpg 350w\" sizes=\"auto, (max-width: 297px) 100vw, 297px\"><\/p>\n<p>Le Rassemblement national des ind\u00e9pendants (RNI) a remport\u00e9 638 si\u00e8ges (28,61 pc) lors des \u00e9lections des Chambres professionnelles, se pla\u00e7ant ainsi en t\u00eate de ce scrutin, qui s&rsquo;est d\u00e9roul\u00e9 vendredi sur l&rsquo;ensemble du territoire national, a indiqu\u00e9 le ministre de l&rsquo;Int\u00e9rieur, M. Abdelouafi Laftit.Selon les r\u00e9sultats annonc\u00e9s par les bureaux de vote et les bureaux centraux pour les Chambres d&rsquo;Agriculture, ainsi que les r\u00e9sultats provisoires des \u00e9lections des Chambres de commerce, d&rsquo;industrie et des services, des Chambres d&rsquo;artisanat et des chambres des p\u00eaches maritimes, le Parti Authenticit\u00e9 et Modernit\u00e9 (PAM) est arriv\u00e9 en 2\u00e8me position avec 363 si\u00e8ges (16,28 %), suivi par le Parti de l&rsquo;Istiqlal avec 360 si\u00e8ges (16,14 %).<\/p>\n<p>Viennent ensuite le Mouvement populaire avec 160 si\u00e8ges (7,17 %), l&rsquo;Union socialiste des forces populaires (USFP) avec 146 si\u00e8ges (6,55 %), l&rsquo;Union constitutionnelle avec 90 si\u00e8ges (4,04 %), le Parti du progr\u00e8s et du socialisme (PPS) avec 82 si\u00e8ges (3,68 %) et le Parti Justice et D\u00e9veloppement (PJD) avec 49 si\u00e8ges (2,20 %), a ajout\u00e9 M. Laftit dans une d\u00e9claration \u00e0 la presse, en pr\u00e9sence du ministre d\u00e9l\u00e9gu\u00e9 aupr\u00e8s du ministre de l&rsquo;Int\u00e9rieur, M. Noureddine Boutayeb.<\/p>\n<p>Les autres instances, 23 partis au total, ont obtenu, tous r\u00e9unis, 71 si\u00e8ges (3,18 %), alors que les candidats sans appartenance politique ont remport\u00e9 271 si\u00e8ges (12,15 %), a-t-il not\u00e9.<\/p>\n<p>Le nombre des candidats femmes, \u00e9lues lors des \u00e9lections des chambres professionnelles, qui se sont d\u00e9roul\u00e9es dans des conditions normales, a atteint 171 candidates, soit un taux de 7,67 %, a soulign\u00e9 le ministre de l&rsquo;Int\u00e9rieur.<\/p>\n<p>Ces r\u00e9sultats, a pr\u00e9cis\u00e9 M. Laftit, sont bas\u00e9s sur les r\u00e9sultats communiqu\u00e9s conform\u00e9ment aux dispositions l\u00e9gislatives en vigueur par les bureaux de vote et les bureaux centraux pour les Chambres de l&rsquo;Agriculture ainsi que les r\u00e9sultats provisoires des Chambres de commerce, d&rsquo;industrie et des services, des Chambres d&rsquo;artisanat et des chambres des p\u00eaches maritimes, en attendant leur confirmation par les commissions de recensement pr\u00e9sid\u00e9es par des juges.<\/p>\n<p>Cet article <a rel=\"nofollow\" href=\"https:\/\/www.journalducameroun.com\/maroc-elections-des-chambres-professionnelles-le-rni-rafle-plus-de-28-des-sieges\/\">Maroc\/Elections des chambres professionnelles: Le RNI rafle plus de 28% des si\u00e8ges<\/a> est apparu en premier sur <a rel=\"nofollow\" href=\"https:\/\/www.journalducameroun.com\/\">Journal du Cameroun<\/a>.<\/p>\n<\/div>\n<p>Auteur: APA News<br \/>\n<a href=\"https:\/\/www.journalducameroun.com\/maroc-elections-des-chambres-professionnelles-le-rni-rafle-plus-de-28-des-sieges\/\">Cliquez ici pour lire l&rsquo;article depuis sa source.<\/a><\/p>\n","protected":false},"excerpt":{"rendered":"<p>Le Rassemblement national des ind\u00e9pendants (RNI) a remport\u00e9 638 si\u00e8ges (28,61 pc) lors des \u00e9lections des Chambres professionnelles, se pla\u00e7ant ainsi en t\u00eate de ce scrutin, qui s&rsquo;est d\u00e9roul\u00e9 vendredi sur l&rsquo;ensemble du territoire national, a indiqu\u00e9 le ministre de l&rsquo;Int\u00e9rieur, M. Abdelouafi Laftit.Selon les r\u00e9sultats annonc\u00e9s par les bureaux de vote et les bureaux [&hellip;]<\/p>\n","protected":false},"author":1965,"featured_media":0,"comment_status":"closed","ping_status":"closed","sticky":false,"template":"","format":"standard","meta":{"fifu_image_url":"https:\/\/www.journalducameroun.com\/wp-content\/uploads\/2021\/08\/16283386829445.jpg","fifu_image_alt":"Maroc\/Elections des chambres professionnelles: Le RNI rafle plus de 28% des si\u00e8ges","footnotes":""},"categories":[73,82],"tags":[],"class_list":["post-123560","post","type-post","status-publish","format-standard","hentry","category-actualite","category-cameroun"],"_links":{"self":[{"href":"https:\/\/linitiative.ca\/International\/wp-json\/wp\/v2\/posts\/123560","targetHints":{"allow":["GET"]}}],"collection":[{"href":"https:\/\/linitiative.ca\/International\/wp-json\/wp\/v2\/posts"}],"about":[{"href":"https:\/\/linitiative.ca\/International\/wp-json\/wp\/v2\/types\/post"}],"author":[{"embeddable":true,"href":"https:\/\/linitiative.ca\/International\/wp-json\/wp\/v2\/users\/1965"}],"replies":[{"embeddable":true,"href":"https:\/\/linitiative.ca\/International\/wp-json\/wp\/v2\/comments?post=123560"}],"version-history":[{"count":0,"href":"https:\/\/linitiative.ca\/International\/wp-json\/wp\/v2\/posts\/123560\/revisions"}],"wp:attachment":[{"href":"https:\/\/linitiative.ca\/International\/wp-json\/wp\/v2\/media?parent=123560"}],"wp:term":[{"taxonomy":"category","embeddable":true,"href":"https:\/\/linitiative.ca\/International\/wp-json\/wp\/v2\/categories?post=123560"},{"taxonomy":"post_tag","embeddable":true,"href":"https:\/\/linitiative.ca\/International\/wp-json\/wp\/v2\/tags?post=123560"}],"curies":[{"name":"wp","href":"https:\/\/api.w.org\/{rel}","templated":true}]}}