{"id":123562,"date":"2021-08-07T16:18:02","date_gmt":"2021-08-07T20:18:02","guid":{"rendered":"https:\/\/linitiative.ca\/International\/affi-salue-les-actes-de-decrispation-de-ouattara-en-cote-divoire\/"},"modified":"2021-08-07T16:18:02","modified_gmt":"2021-08-07T20:18:02","slug":"affi-salue-les-actes-de-decrispation-de-ouattara-en-cote-divoire","status":"publish","type":"post","link":"https:\/\/linitiative.ca\/International\/affi-salue-les-actes-de-decrispation-de-ouattara-en-cote-divoire\/","title":{"rendered":"Affi salue \u00ab\u00a0les actes de d\u00e9crispation\u00a0\u00bb de Ouattara en C\u00f4te d\u2019Ivoire"},"content":{"rendered":"<div>\n<p><img loading=\"lazy\" decoding=\"async\" width=\"512\" height=\"341\" src=\"https:\/\/linitiative.ca\/International\/wp-content\/uploads\/sites\/23\/2021\/08\/16283674827174.jpg\" class=\"attachment-post-thumbnail size-post-thumbnail wp-post-image\" alt=\"\" srcset=\"https:\/\/linitiative.ca\/International\/wp-content\/uploads\/sites\/23\/2021\/08\/16283674827174.jpg 512w, https:\/\/www.journalducameroun.com\/wp-content\/uploads\/2021\/08\/16283674827174-300x200.jpg 300w\" sizes=\"auto, (max-width: 512px) 100vw, 512px\"><\/p>\n<p>Le pr\u00e9sident du Front populaire ivoirien (FPI, opposition), Affi N&rsquo;Guessan salue \u00ab\u00a0les actes de d\u00e9crispation\u00a0\u00bb de Alassane Ouattara afin d&rsquo;apaiser le climat politique en C\u00f4te d&rsquo;Ivoire, invitant l&rsquo;opposition \u00e0 \u00ab\u00a0accompagner cette d\u00e9marche\u00a0\u00bb.<\/p>\n<p>\u00ab\u00a0Je me r\u00e9jouis des mesures de cl\u00e9mence prises \u00e0 l&rsquo;occasion de cette journ\u00e9e envers 78 personnes arr\u00eat\u00e9es lors de la crise \u00e9lectorale de 2020\u00a0\u00bb, a dit M. Affi dans un message \u00e0 l&rsquo;occasion de la comm\u00e9moration du 61e anniversaire de la C\u00f4te d&rsquo;Ivoire.\u00a0<\/p>\n<p>\u00a0Pour lui, la classe politique doit faire en sorte que cette crise soit la derni\u00e8re. Dans cet \u00e9lan, il a salu\u00e9 \u00ab\u00a0les actes de d\u00e9crispation que le pr\u00e9sident de la R\u00e9publique pose depuis plusieurs mois afin d&rsquo;apaiser le climat politique\u00a0\u00bb dans le pays.\u00a0<\/p>\n<p>\u00ab\u00a0Il appartient \u00e0 chacun d&rsquo;entre nous, dans l&rsquo;opposition, de savoir accompagner cette d\u00e9marche. Cela exige de privil\u00e9gier dans chacun de nos actes, chacun de nos mots, l&rsquo;esprit de responsabilit\u00e9 et la volont\u00e9 de paix\u00a0\u00bb, a-t-il ajout\u00e9. \u00a0<\/p>\n<p>\u00ab\u00a0Pour ma part, je m&rsquo;y emploierai, (car) la paix est la condition de notre d\u00e9veloppement\u00a0\u00bb, a assur\u00e9 le pr\u00e9sident du FPI, souhaitant qu&rsquo;ensemble dans l&rsquo;avenir, les politiques soient capables de b\u00e2tir une C\u00f4te d&rsquo;Ivoire encore plus confiante, unie et r\u00e9concili\u00e9e.\u00a0<\/p>\n<p>La f\u00eate de l&rsquo;ind\u00e9pendance est \u00ab\u00a0pour tous les enfants de ce pays un jour de fiert\u00e9, \u00a0de c\u00e9l\u00e9bration et de joie (qui) doit devenir un moment fort d&rsquo;unit\u00e9 autour de valeurs partag\u00e9es, celles de notre jeune R\u00e9publique\u00a0\u00bb, a-t-il soutenu. \u00a0<\/p>\n<p>A l&rsquo;occasion du 61e anniversaire de l&rsquo;ind\u00e9pendance du pays, le chef de l&rsquo;Etat Alassane Ouattara, a graci\u00e9 plus de 3.000 prisonniers dont des d\u00e9tenus de la crise \u00e9lectorale survenue lors de la pr\u00e9sidentielle d&rsquo;octobre 2020.<\/p>\n<p>Cet article <a rel=\"nofollow\" href=\"https:\/\/www.journalducameroun.com\/affi-salue-les-actes-de-decrispation-de-ouattara-en-cote-divoire\/\">Affi salue \u00ab\u00a0les actes de d\u00e9crispation\u00a0\u00bb de Ouattara en C\u00f4te d\u2019Ivoire<\/a> est apparu en premier sur <a rel=\"nofollow\" href=\"https:\/\/www.journalducameroun.com\/\">Journal du Cameroun<\/a>.<\/p>\n<\/div>\n<p>Auteur: APA News<br \/>\n<a href=\"https:\/\/www.journalducameroun.com\/affi-salue-les-actes-de-decrispation-de-ouattara-en-cote-divoire\/\">Cliquez ici pour lire l&rsquo;article depuis sa source.<\/a><\/p>\n","protected":false},"excerpt":{"rendered":"<p>Le pr\u00e9sident du Front populaire ivoirien (FPI, opposition), Affi N&rsquo;Guessan salue \u00ab\u00a0les actes de d\u00e9crispation\u00a0\u00bb de Alassane Ouattara afin d&rsquo;apaiser le climat politique en C\u00f4te d&rsquo;Ivoire, invitant l&rsquo;opposition \u00e0 \u00ab\u00a0accompagner cette d\u00e9marche\u00a0\u00bb. \u00ab\u00a0Je me r\u00e9jouis des mesures de cl\u00e9mence prises \u00e0 l&rsquo;occasion de cette journ\u00e9e envers 78 personnes arr\u00eat\u00e9es lors de la crise \u00e9lectorale de [&hellip;]<\/p>\n","protected":false},"author":1965,"featured_media":0,"comment_status":"closed","ping_status":"closed","sticky":false,"template":"","format":"standard","meta":{"fifu_image_url":"https:\/\/www.journalducameroun.com\/wp-content\/uploads\/2021\/08\/16283674827174.jpg","fifu_image_alt":"Affi salue \u00ab\u00a0les actes de d\u00e9crispation\u00a0\u00bb de Ouattara en C\u00f4te d\u2019Ivoire","footnotes":""},"categories":[73,82],"tags":[],"class_list":["post-123562","post","type-post","status-publish","format-standard","hentry","category-actualite","category-cameroun"],"_links":{"self":[{"href":"https:\/\/linitiative.ca\/International\/wp-json\/wp\/v2\/posts\/123562","targetHints":{"allow":["GET"]}}],"collection":[{"href":"https:\/\/linitiative.ca\/International\/wp-json\/wp\/v2\/posts"}],"about":[{"href":"https:\/\/linitiative.ca\/International\/wp-json\/wp\/v2\/types\/post"}],"author":[{"embeddable":true,"href":"https:\/\/linitiative.ca\/International\/wp-json\/wp\/v2\/users\/1965"}],"replies":[{"embeddable":true,"href":"https:\/\/linitiative.ca\/International\/wp-json\/wp\/v2\/comments?post=123562"}],"version-history":[{"count":0,"href":"https:\/\/linitiative.ca\/International\/wp-json\/wp\/v2\/posts\/123562\/revisions"}],"wp:attachment":[{"href":"https:\/\/linitiative.ca\/International\/wp-json\/wp\/v2\/media?parent=123562"}],"wp:term":[{"taxonomy":"category","embeddable":true,"href":"https:\/\/linitiative.ca\/International\/wp-json\/wp\/v2\/categories?post=123562"},{"taxonomy":"post_tag","embeddable":true,"href":"https:\/\/linitiative.ca\/International\/wp-json\/wp\/v2\/tags?post=123562"}],"curies":[{"name":"wp","href":"https:\/\/api.w.org\/{rel}","templated":true}]}}