{"id":123564,"date":"2021-08-07T17:18:01","date_gmt":"2021-08-07T21:18:01","guid":{"rendered":"https:\/\/linitiative.ca\/International\/egypte-lactrice-dala-abdel-aziz-nest-plus\/"},"modified":"2021-08-07T17:18:01","modified_gmt":"2021-08-07T21:18:01","slug":"egypte-lactrice-dala-abdel-aziz-nest-plus","status":"publish","type":"post","link":"https:\/\/linitiative.ca\/International\/egypte-lactrice-dala-abdel-aziz-nest-plus\/","title":{"rendered":"Egypte : L\u2019actrice Dala Abdel Aziz n\u2019est plus"},"content":{"rendered":"<div>\n<p><img loading=\"lazy\" decoding=\"async\" width=\"1079\" height=\"1012\" src=\"https:\/\/linitiative.ca\/International\/wp-content\/uploads\/sites\/23\/2021\/08\/16283710829909.jpg\" class=\"attachment-post-thumbnail size-post-thumbnail wp-post-image\" alt=\"\" srcset=\"https:\/\/linitiative.ca\/International\/wp-content\/uploads\/sites\/23\/2021\/08\/16283710829909.jpg 1079w, https:\/\/www.journalducameroun.com\/wp-content\/uploads\/2021\/08\/16283710829909-300x281.jpg 300w, https:\/\/www.journalducameroun.com\/wp-content\/uploads\/2021\/08\/16283710829909-768x720.jpg 768w, https:\/\/www.journalducameroun.com\/wp-content\/uploads\/2021\/08\/16283710829909-1024x960.jpg 1024w, https:\/\/www.journalducameroun.com\/wp-content\/uploads\/2021\/08\/16283710829909-469x440.jpg 469w, https:\/\/www.journalducameroun.com\/wp-content\/uploads\/2021\/08\/16283710829909-600x563.jpg 600w\" sizes=\"auto, (max-width: 1079px) 100vw, 1079px\"><\/p>\n<p>Par Mohamed Fayed &#8212; L&rsquo;actrice \u00e9gyptienne Dalal Abdel Aziz est d\u00e9c\u00e9d\u00e9e, samedi, \u00e0 l&rsquo;\u00e2ge de 61 des suites du nouveau coronavirus (Covid-19), quelques mois apr\u00e8s la mort de son \u00e9poux, l&rsquo;acteur Samir Ghanem, ont annonc\u00e9 ses proches.Depuis plusieurs semaines, l&rsquo;actrice \u00e9tait en \u00e9tat critique, apr\u00e8s avoir contract\u00e9 la Covid-19, toujours selon ses proches.<\/p>\n<p>N\u00e9e le 17 janvier 1960 dans la ville de Zagazig, au nord du Caire, Dalal Abdel Aziz avait commenc\u00e9 sa carri\u00e8re d&rsquo;actrice avec un petit r\u00f4le dans une s\u00e9rie t\u00e9l\u00e9vis\u00e9e (Bint Al Ayyam) en 1977 avant d&rsquo;\u00eatre acclam\u00e9e dans les ann\u00e9es 1980 pour ses performances exceptionnelles \u00e0 la t\u00e9l\u00e9vision et au cin\u00e9ma.<\/p>\n<p>L&rsquo;actrice \u00e9gyptienne a jou\u00e9 dans des dizaines de s\u00e9ries t\u00e9l\u00e9vis\u00e9es, de films et de pi\u00e8ces de th\u00e9\u00e2tre au cours d&rsquo;une carri\u00e8re de plus de quatre d\u00e9cennies.<\/p>\n<p>Cet article <a rel=\"nofollow\" href=\"https:\/\/www.journalducameroun.com\/egypte-lactrice-dala-abdel-aziz-nest-plus\/\">Egypte : L\u2019actrice Dala Abdel Aziz n\u2019est plus<\/a> est apparu en premier sur <a rel=\"nofollow\" href=\"https:\/\/www.journalducameroun.com\/\">Journal du Cameroun<\/a>.<\/p>\n<\/div>\n<p>Auteur: APA News<br \/>\n<a href=\"https:\/\/www.journalducameroun.com\/egypte-lactrice-dala-abdel-aziz-nest-plus\/\">Cliquez ici pour lire l&rsquo;article depuis sa source.<\/a><\/p>\n","protected":false},"excerpt":{"rendered":"<p>Par Mohamed Fayed &#8212; L&rsquo;actrice \u00e9gyptienne Dalal Abdel Aziz est d\u00e9c\u00e9d\u00e9e, samedi, \u00e0 l&rsquo;\u00e2ge de 61 des suites du nouveau coronavirus (Covid-19), quelques mois apr\u00e8s la mort de son \u00e9poux, l&rsquo;acteur Samir Ghanem, ont annonc\u00e9 ses proches.Depuis plusieurs semaines, l&rsquo;actrice \u00e9tait en \u00e9tat critique, apr\u00e8s avoir contract\u00e9 la Covid-19, toujours selon ses proches. N\u00e9e le [&hellip;]<\/p>\n","protected":false},"author":1965,"featured_media":0,"comment_status":"closed","ping_status":"closed","sticky":false,"template":"","format":"standard","meta":{"fifu_image_url":"https:\/\/www.journalducameroun.com\/wp-content\/uploads\/2021\/08\/16283710829909.jpg","fifu_image_alt":"Egypte : L\u2019actrice Dala Abdel Aziz n\u2019est plus","footnotes":""},"categories":[73,82],"tags":[],"class_list":["post-123564","post","type-post","status-publish","format-standard","hentry","category-actualite","category-cameroun"],"_links":{"self":[{"href":"https:\/\/linitiative.ca\/International\/wp-json\/wp\/v2\/posts\/123564","targetHints":{"allow":["GET"]}}],"collection":[{"href":"https:\/\/linitiative.ca\/International\/wp-json\/wp\/v2\/posts"}],"about":[{"href":"https:\/\/linitiative.ca\/International\/wp-json\/wp\/v2\/types\/post"}],"author":[{"embeddable":true,"href":"https:\/\/linitiative.ca\/International\/wp-json\/wp\/v2\/users\/1965"}],"replies":[{"embeddable":true,"href":"https:\/\/linitiative.ca\/International\/wp-json\/wp\/v2\/comments?post=123564"}],"version-history":[{"count":0,"href":"https:\/\/linitiative.ca\/International\/wp-json\/wp\/v2\/posts\/123564\/revisions"}],"wp:attachment":[{"href":"https:\/\/linitiative.ca\/International\/wp-json\/wp\/v2\/media?parent=123564"}],"wp:term":[{"taxonomy":"category","embeddable":true,"href":"https:\/\/linitiative.ca\/International\/wp-json\/wp\/v2\/categories?post=123564"},{"taxonomy":"post_tag","embeddable":true,"href":"https:\/\/linitiative.ca\/International\/wp-json\/wp\/v2\/tags?post=123564"}],"curies":[{"name":"wp","href":"https:\/\/api.w.org\/{rel}","templated":true}]}}