{"id":123567,"date":"2021-08-07T11:50:52","date_gmt":"2021-08-07T15:50:52","guid":{"rendered":"https:\/\/linitiative.ca\/International\/covid-19-maroc-la-situation-epidemiologique-au-7-aout-2021-a-16h00-un-record-de-deces-92\/"},"modified":"2021-08-07T11:50:52","modified_gmt":"2021-08-07T15:50:52","slug":"covid-19-maroc-la-situation-epidemiologique-au-7-aout-2021-a-16h00-un-record-de-deces-92","status":"publish","type":"post","link":"https:\/\/linitiative.ca\/International\/covid-19-maroc-la-situation-epidemiologique-au-7-aout-2021-a-16h00-un-record-de-deces-92\/","title":{"rendered":"Covid-19 \/ Maroc : La situation \u00e9pid\u00e9miologique au 7 ao\u00fbt 2021 \u00e0 16H00 ( Un record de d\u00e9c\u00e8s : 92 )"},"content":{"rendered":"<div>\n<p><img decoding=\"async\" width=\"300\" height=\"153\" src=\"https:\/\/linitiative.ca\/International\/wp-content\/uploads\/sites\/23\/2021\/08\/coronavirus-COVID-maroc-300x153-1.jpg\" class=\"attachment-medium size-medium wp-post-image\" alt=\"\" loading=\"lazy\" srcset=\"\/\/aujourdhui.ma\/wp-content\/uploads\/2020\/09\/coronavirus-COVID-maroc-300x153.jpg 300w, \/\/aujourdhui.ma\/wp-content\/uploads\/2020\/09\/coronavirus-COVID-maroc-274x140.jpg 274w, \/\/aujourdhui.ma\/wp-content\/uploads\/2020\/09\/coronavirus-COVID-maroc.jpg 746w, \/\/aujourdhui.ma\/wp-content\/uploads\/2020\/09\/coronavirus-COVID-maroc-165x84.jpg 165w, \/\/aujourdhui.ma\/wp-content\/uploads\/2020\/09\/coronavirus-COVID-maroc-702x358.jpg 702w\" sizes=\"auto, (max-width: 300px) 100vw, 300px\"><\/p>\n<p><strong>Entre hier \u00e0 16H00 et aujourd\u2019hui \u00e0 16H00<\/strong><span id=\"more-383546\"><\/span><\/p>\n<p>10.609 nouveaux cas soit un cumul de 687.292 cas \u00e0 ce jour.<br \/>\n6.473 gu\u00e9risons soit un cumul de 605.431 \u00e0 ce jour.<br \/>\n92 nouveaux d\u00e9c\u00e8s donc un cumul de 10.255 \u00e0 ce jour.<\/p>\n<p><strong>Nombre de personnes vaccin\u00e9es au 7 ao\u00fbt 16H00<\/strong><\/p>\n<p>1\u00e8re dose<\/p>\n<p><strong>15 037 701<\/strong><\/p>\n<p>2\u00e8me dose<\/p>\n<p><strong>10 896 199<\/strong><\/p>\n<p><a href=\"https:\/\/linitiative.ca\/International\/wp-content\/uploads\/sites\/23\/2021\/08\/07.8.21_Page_1.jpg\"><img decoding=\"async\" loading=\"lazy\" class=\"alignnone size-full wp-image-383547\" src=\"https:\/\/linitiative.ca\/International\/wp-content\/uploads\/sites\/23\/2021\/08\/07.8.21_Page_1.jpg\" alt=\"\" width=\"1654\" height=\"2339\" srcset=\"\/\/aujourdhui.ma\/wp-content\/uploads\/2021\/08\/07.8.21_Page_1.jpg 1654w, \/\/aujourdhui.ma\/wp-content\/uploads\/2021\/08\/07.8.21_Page_1-212x300.jpg 212w, \/\/aujourdhui.ma\/wp-content\/uploads\/2021\/08\/07.8.21_Page_1-724x1024.jpg 724w, \/\/aujourdhui.ma\/wp-content\/uploads\/2021\/08\/07.8.21_Page_1-768x1086.jpg 768w, \/\/aujourdhui.ma\/wp-content\/uploads\/2021\/08\/07.8.21_Page_1-1086x1536.jpg 1086w, \/\/aujourdhui.ma\/wp-content\/uploads\/2021\/08\/07.8.21_Page_1-1448x2048.jpg 1448w\" sizes=\"auto, (max-width: 1654px) 100vw, 1654px\"><\/a> <a href=\"https:\/\/linitiative.ca\/International\/wp-content\/uploads\/sites\/23\/2021\/08\/07.8.21_Page_2.jpg\"><img decoding=\"async\" loading=\"lazy\" class=\"alignnone size-full wp-image-383548\" src=\"https:\/\/linitiative.ca\/International\/wp-content\/uploads\/sites\/23\/2021\/08\/07.8.21_Page_2.jpg\" alt=\"\" width=\"1654\" height=\"2339\" srcset=\"\/\/aujourdhui.ma\/wp-content\/uploads\/2021\/08\/07.8.21_Page_2.jpg 1654w, \/\/aujourdhui.ma\/wp-content\/uploads\/2021\/08\/07.8.21_Page_2-212x300.jpg 212w, \/\/aujourdhui.ma\/wp-content\/uploads\/2021\/08\/07.8.21_Page_2-724x1024.jpg 724w, \/\/aujourdhui.ma\/wp-content\/uploads\/2021\/08\/07.8.21_Page_2-768x1086.jpg 768w, \/\/aujourdhui.ma\/wp-content\/uploads\/2021\/08\/07.8.21_Page_2-1086x1536.jpg 1086w, \/\/aujourdhui.ma\/wp-content\/uploads\/2021\/08\/07.8.21_Page_2-1448x2048.jpg 1448w\" sizes=\"auto, (max-width: 1654px) 100vw, 1654px\"><\/a> <a href=\"https:\/\/linitiative.ca\/International\/wp-content\/uploads\/sites\/23\/2021\/08\/07.8.21_Page_3.jpg\"><img decoding=\"async\" loading=\"lazy\" class=\"alignnone size-full wp-image-383549\" src=\"https:\/\/linitiative.ca\/International\/wp-content\/uploads\/sites\/23\/2021\/08\/07.8.21_Page_3.jpg\" alt=\"\" width=\"1654\" height=\"2339\" srcset=\"\/\/aujourdhui.ma\/wp-content\/uploads\/2021\/08\/07.8.21_Page_3.jpg 1654w, \/\/aujourdhui.ma\/wp-content\/uploads\/2021\/08\/07.8.21_Page_3-212x300.jpg 212w, \/\/aujourdhui.ma\/wp-content\/uploads\/2021\/08\/07.8.21_Page_3-724x1024.jpg 724w, \/\/aujourdhui.ma\/wp-content\/uploads\/2021\/08\/07.8.21_Page_3-768x1086.jpg 768w, \/\/aujourdhui.ma\/wp-content\/uploads\/2021\/08\/07.8.21_Page_3-1086x1536.jpg 1086w, \/\/aujourdhui.ma\/wp-content\/uploads\/2021\/08\/07.8.21_Page_3-1448x2048.jpg 1448w\" sizes=\"auto, (max-width: 1654px) 100vw, 1654px\"><\/a> <a href=\"https:\/\/linitiative.ca\/International\/wp-content\/uploads\/sites\/23\/2021\/08\/07.8.21_Page_4.jpg\"><img decoding=\"async\" loading=\"lazy\" class=\"alignnone size-full wp-image-383550\" src=\"https:\/\/linitiative.ca\/International\/wp-content\/uploads\/sites\/23\/2021\/08\/07.8.21_Page_4.jpg\" alt=\"\" width=\"1654\" height=\"2339\" srcset=\"\/\/aujourdhui.ma\/wp-content\/uploads\/2021\/08\/07.8.21_Page_4.jpg 1654w, \/\/aujourdhui.ma\/wp-content\/uploads\/2021\/08\/07.8.21_Page_4-212x300.jpg 212w, \/\/aujourdhui.ma\/wp-content\/uploads\/2021\/08\/07.8.21_Page_4-724x1024.jpg 724w, \/\/aujourdhui.ma\/wp-content\/uploads\/2021\/08\/07.8.21_Page_4-768x1086.jpg 768w, \/\/aujourdhui.ma\/wp-content\/uploads\/2021\/08\/07.8.21_Page_4-1086x1536.jpg 1086w, \/\/aujourdhui.ma\/wp-content\/uploads\/2021\/08\/07.8.21_Page_4-1448x2048.jpg 1448w\" sizes=\"auto, (max-width: 1654px) 100vw, 1654px\"><\/a> <a href=\"https:\/\/linitiative.ca\/International\/wp-content\/uploads\/sites\/23\/2021\/08\/07.8.21_Page_5.jpg\"><img decoding=\"async\" loading=\"lazy\" class=\"alignnone size-full wp-image-383551\" src=\"https:\/\/linitiative.ca\/International\/wp-content\/uploads\/sites\/23\/2021\/08\/07.8.21_Page_5.jpg\" alt=\"\" width=\"1654\" height=\"2339\" srcset=\"\/\/aujourdhui.ma\/wp-content\/uploads\/2021\/08\/07.8.21_Page_5.jpg 1654w, \/\/aujourdhui.ma\/wp-content\/uploads\/2021\/08\/07.8.21_Page_5-212x300.jpg 212w, \/\/aujourdhui.ma\/wp-content\/uploads\/2021\/08\/07.8.21_Page_5-724x1024.jpg 724w, \/\/aujourdhui.ma\/wp-content\/uploads\/2021\/08\/07.8.21_Page_5-768x1086.jpg 768w, \/\/aujourdhui.ma\/wp-content\/uploads\/2021\/08\/07.8.21_Page_5-1086x1536.jpg 1086w, \/\/aujourdhui.ma\/wp-content\/uploads\/2021\/08\/07.8.21_Page_5-1448x2048.jpg 1448w\" sizes=\"auto, (max-width: 1654px) 100vw, 1654px\"><\/a> <a href=\"https:\/\/linitiative.ca\/International\/wp-content\/uploads\/sites\/23\/2021\/08\/07.8.21_Page_6.jpg\"><img decoding=\"async\" loading=\"lazy\" class=\"alignnone size-full wp-image-383552\" src=\"https:\/\/linitiative.ca\/International\/wp-content\/uploads\/sites\/23\/2021\/08\/07.8.21_Page_6.jpg\" alt=\"\" width=\"2339\" height=\"1654\" srcset=\"\/\/aujourdhui.ma\/wp-content\/uploads\/2021\/08\/07.8.21_Page_6.jpg 2339w, \/\/aujourdhui.ma\/wp-content\/uploads\/2021\/08\/07.8.21_Page_6-300x212.jpg 300w, \/\/aujourdhui.ma\/wp-content\/uploads\/2021\/08\/07.8.21_Page_6-1024x724.jpg 1024w, \/\/aujourdhui.ma\/wp-content\/uploads\/2021\/08\/07.8.21_Page_6-768x543.jpg 768w, \/\/aujourdhui.ma\/wp-content\/uploads\/2021\/08\/07.8.21_Page_6-1536x1086.jpg 1536w, \/\/aujourdhui.ma\/wp-content\/uploads\/2021\/08\/07.8.21_Page_6-2048x1448.jpg 2048w\" sizes=\"auto, (max-width: 2339px) 100vw, 2339px\"><\/a><\/p>\n<\/div>\n<p>Auteur: ALM<br \/>\n<a href=\"https:\/\/aujourdhui.ma\/societe\/covid-19-maroc-la-situation-epidemiologique-au-7-aout-2021-a-16h00-un-record-de-deces-92\">Cliquez ici pour lire l&rsquo;article depuis sa source.<\/a><\/p>\n","protected":false},"excerpt":{"rendered":"<p>Entre hier \u00e0 16H00 et aujourd\u2019hui \u00e0 16H00 10.609 nouveaux cas soit un cumul de 687.292 cas \u00e0 ce jour. 6.473 gu\u00e9risons soit un cumul de 605.431 \u00e0 ce jour. 92 nouveaux d\u00e9c\u00e8s donc un cumul de 10.255 \u00e0 ce jour. Nombre de personnes vaccin\u00e9es au 7 ao\u00fbt 16H00 1\u00e8re dose 15 037 701 2\u00e8me [&hellip;]<\/p>\n","protected":false},"author":1759,"featured_media":0,"comment_status":"closed","ping_status":"closed","sticky":false,"template":"","format":"standard","meta":{"fifu_image_url":"https:\/\/aujourdhui.ma\/wp-content\/uploads\/2020\/09\/coronavirus-COVID-maroc-300x153.jpg","fifu_image_alt":"Covid-19 \/ Maroc : La situation \u00e9pid\u00e9miologique au 7 ao\u00fbt 2021 \u00e0 16H00 ( Un record de d\u00e9c\u00e8s : 92 )","footnotes":""},"categories":[73,54],"tags":[],"class_list":["post-123567","post","type-post","status-publish","format-standard","hentry","category-actualite","category-maroc"],"_links":{"self":[{"href":"https:\/\/linitiative.ca\/International\/wp-json\/wp\/v2\/posts\/123567","targetHints":{"allow":["GET"]}}],"collection":[{"href":"https:\/\/linitiative.ca\/International\/wp-json\/wp\/v2\/posts"}],"about":[{"href":"https:\/\/linitiative.ca\/International\/wp-json\/wp\/v2\/types\/post"}],"author":[{"embeddable":true,"href":"https:\/\/linitiative.ca\/International\/wp-json\/wp\/v2\/users\/1759"}],"replies":[{"embeddable":true,"href":"https:\/\/linitiative.ca\/International\/wp-json\/wp\/v2\/comments?post=123567"}],"version-history":[{"count":0,"href":"https:\/\/linitiative.ca\/International\/wp-json\/wp\/v2\/posts\/123567\/revisions"}],"wp:attachment":[{"href":"https:\/\/linitiative.ca\/International\/wp-json\/wp\/v2\/media?parent=123567"}],"wp:term":[{"taxonomy":"category","embeddable":true,"href":"https:\/\/linitiative.ca\/International\/wp-json\/wp\/v2\/categories?post=123567"},{"taxonomy":"post_tag","embeddable":true,"href":"https:\/\/linitiative.ca\/International\/wp-json\/wp\/v2\/tags?post=123567"}],"curies":[{"name":"wp","href":"https:\/\/api.w.org\/{rel}","templated":true}]}}