{"id":12357,"date":"2019-02-08T12:59:00","date_gmt":"2019-02-08T17:59:00","guid":{"rendered":"https:\/\/linitiative.ca\/International\/union-africaine-lalgerie-de-nouveau-elue-au-conseil-de-paix-et-de-securite\/"},"modified":"2019-02-08T12:59:00","modified_gmt":"2019-02-08T17:59:00","slug":"union-africaine-lalgerie-de-nouveau-elue-au-conseil-de-paix-et-de-securite","status":"publish","type":"post","link":"https:\/\/linitiative.ca\/International\/union-africaine-lalgerie-de-nouveau-elue-au-conseil-de-paix-et-de-securite\/","title":{"rendered":"UNION AFRICAINE : L\u2019Alg\u00e9rie, de nouveau, \u00e9lue au Conseil  de Paix et de S\u00e9curit\u00e9"},"content":{"rendered":"<p><br id=\"sep_para_1\" class=\"sep_para access\"\/><\/p>\n<div id=\"para_1\" class=\"para_29120155 resize\">\n<div class=\"texte access firstletter\">L&rsquo;Alg\u00e9rie a \u00e9t\u00e9 \u00e9lue, ce vendredi \u00e0 Addis-Abeba, au Conseil de Paix et de S\u00e9curit\u00e9 de l\u2019Union africaine par le Conseil ex\u00e9cutif de l\u2019UA pour un mandat de trois ans (2019-2022). Cette \u00e9lection est intervenue \u00e0 la reprise des travaux du Conseil ex\u00e9cutif, dans une session consacr\u00e9e au renouvellement des composantes de quelques organes de l\u2019Union africaine, dont le Conseil de paix et de s\u00e9curit\u00e9.\u00a0 Pour le ministre des Affaires \u00e9trang\u00e8res, Abdelkader Messahel pr\u00e9sent \u00e0 cette session, \u00ab\u00a0cette \u00e9lection consacre, une nouvelle fois, la cr\u00e9dibilit\u00e9 de la diplomatie alg\u00e9rienne, sous la conduite du pr\u00e9sident de la R\u00e9publique, Abdelaziz Bouteflika, et de sa contribution \u00e0 la pr\u00e9servation de la paix et de la s\u00e9curit\u00e9 en Afrique et au-del\u00e0\u00a0\u00bb.<\/div>\n<\/div>\n","protected":false},"excerpt":{"rendered":"<p>L&rsquo;Alg\u00e9rie a \u00e9t\u00e9 \u00e9lue, ce vendredi \u00e0 Addis-Abeba, au Conseil de Paix et de S\u00e9curit\u00e9 de l\u2019Union africaine par le Conseil ex\u00e9cutif de l\u2019UA pour un mandat de trois ans (2019-2022). Cette \u00e9lection est intervenue \u00e0 la reprise des travaux du Conseil ex\u00e9cutif, dans une session consacr\u00e9e au renouvellement des composantes de quelques organes de [&hellip;]<\/p>\n","protected":false},"author":1740,"featured_media":0,"comment_status":"closed","ping_status":"closed","sticky":false,"template":"","format":"standard","meta":{"fifu_image_url":"","fifu_image_alt":"","footnotes":""},"categories":[53,76],"tags":[],"class_list":["post-12357","post","type-post","status-publish","format-standard","hentry","category-algerie","category-regions"],"_links":{"self":[{"href":"https:\/\/linitiative.ca\/International\/wp-json\/wp\/v2\/posts\/12357","targetHints":{"allow":["GET"]}}],"collection":[{"href":"https:\/\/linitiative.ca\/International\/wp-json\/wp\/v2\/posts"}],"about":[{"href":"https:\/\/linitiative.ca\/International\/wp-json\/wp\/v2\/types\/post"}],"author":[{"embeddable":true,"href":"https:\/\/linitiative.ca\/International\/wp-json\/wp\/v2\/users\/1740"}],"replies":[{"embeddable":true,"href":"https:\/\/linitiative.ca\/International\/wp-json\/wp\/v2\/comments?post=12357"}],"version-history":[{"count":0,"href":"https:\/\/linitiative.ca\/International\/wp-json\/wp\/v2\/posts\/12357\/revisions"}],"wp:attachment":[{"href":"https:\/\/linitiative.ca\/International\/wp-json\/wp\/v2\/media?parent=12357"}],"wp:term":[{"taxonomy":"category","embeddable":true,"href":"https:\/\/linitiative.ca\/International\/wp-json\/wp\/v2\/categories?post=12357"},{"taxonomy":"post_tag","embeddable":true,"href":"https:\/\/linitiative.ca\/International\/wp-json\/wp\/v2\/tags?post=12357"}],"curies":[{"name":"wp","href":"https:\/\/api.w.org\/{rel}","templated":true}]}}