{"id":123575,"date":"2021-08-07T12:00:32","date_gmt":"2021-08-07T16:00:32","guid":{"rendered":"https:\/\/linitiative.ca\/International\/9eme-festival-international-cinema-et-immigration\/"},"modified":"2021-08-07T12:00:32","modified_gmt":"2021-08-07T16:00:32","slug":"9eme-festival-international-cinema-et-immigration","status":"publish","type":"post","link":"https:\/\/linitiative.ca\/International\/9eme-festival-international-cinema-et-immigration\/","title":{"rendered":"9\u00e8me Festival international cin\u00e9ma  et immigration"},"content":{"rendered":"<div>\n<p><img decoding=\"async\" width=\"300\" height=\"153\" src=\"https:\/\/linitiative.ca\/International\/wp-content\/uploads\/sites\/23\/2021\/08\/Festival-du-cinema-et-immigration-dOujda-1-300x153-1.jpg\" class=\"attachment-medium size-medium wp-post-image\" alt=\"\" loading=\"lazy\" srcset=\"\/\/aujourdhui.ma\/wp-content\/uploads\/2021\/08\/Festival-du-cinema-et-immigration-dOujda-1-300x153.jpg 300w, \/\/aujourdhui.ma\/wp-content\/uploads\/2021\/08\/Festival-du-cinema-et-immigration-dOujda-1-274x140.jpg 274w, \/\/aujourdhui.ma\/wp-content\/uploads\/2021\/08\/Festival-du-cinema-et-immigration-dOujda-1.jpg 746w, \/\/aujourdhui.ma\/wp-content\/uploads\/2021\/08\/Festival-du-cinema-et-immigration-dOujda-1-165x84.jpg 165w, \/\/aujourdhui.ma\/wp-content\/uploads\/2021\/08\/Festival-du-cinema-et-immigration-dOujda-1-702x358.jpg 702w\" sizes=\"auto, (max-width: 300px) 100vw, 300px\"><\/p>\n<p><span style=\"font-size: 20px; color: #800000;\"><strong>La 9\u00e8me \u00e9dition du Festival international cin\u00e9ma et immigration d\u2019Oujda aura lieu du 14 au 18 ao\u00fbt courant, sous le th\u00e8me \u00abLe r\u00f4le du cin\u00e9ma dans le renforcement de la s\u00e9curit\u00e9 culturelle des soci\u00e9t\u00e9s\u00bb.<\/strong> <\/span><span id=\"more-383481\"><\/span><\/p>\n<p>Cet \u00e9v\u00e8nement culturel, organis\u00e9 par l\u2019Association solidarit\u00e9 pour le d\u00e9veloppement et l\u2019immigration, connaitra la participation de 11 films du Maroc et d\u2019autres pays comme la Tunisie, l\u2019Alg\u00e9rie, la Libye, l\u2019Egypte, la Syrie, la Turquie, les Pays-Bas, l\u2019Inde et la Palestine, indique un communiqu\u00e9 des organisateurs. Quatre de ces films ont \u00e9t\u00e9 s\u00e9lectionn\u00e9s pour participer \u00e0 la comp\u00e9tition officielle des longs m\u00e9trages.<\/p>\n<p>Ils seront en lice pour le Grand Prix du festival, le prix du jury, le prix du meilleur sc\u00e9nario, les prix des meilleurs interpr\u00e9tations masculine et f\u00e9minine. Les sept autres films participeront \u00e0 la comp\u00e9tition officielle des courts m\u00e9trages qui compte trois distinctions, \u00e0 savoir les prix de la r\u00e9alisation, du sc\u00e9nario et du jury, pr\u00e9cise un communiqu\u00e9 de l\u2019association qui organise cette manifestation en partenariat avec la Direction r\u00e9gionale de la culture de l\u2019Oriental.<\/p>\n<\/div>\n<p>Auteur: ALM<br \/>\n<a href=\"https:\/\/aujourdhui.ma\/culture\/cinema\/9eme-festival-international-cinema-et-immigration\">Cliquez ici pour lire l&rsquo;article depuis sa source.<\/a><\/p>\n","protected":false},"excerpt":{"rendered":"<p>La 9\u00e8me \u00e9dition du Festival international cin\u00e9ma et immigration d\u2019Oujda aura lieu du 14 au 18 ao\u00fbt courant, sous le th\u00e8me \u00abLe r\u00f4le du cin\u00e9ma dans le renforcement de la s\u00e9curit\u00e9 culturelle des soci\u00e9t\u00e9s\u00bb. Cet \u00e9v\u00e8nement culturel, organis\u00e9 par l\u2019Association solidarit\u00e9 pour le d\u00e9veloppement et l\u2019immigration, connaitra la participation de 11 films du Maroc et [&hellip;]<\/p>\n","protected":false},"author":1759,"featured_media":0,"comment_status":"closed","ping_status":"closed","sticky":false,"template":"","format":"standard","meta":{"fifu_image_url":"https:\/\/aujourdhui.ma\/wp-content\/uploads\/2021\/08\/Festival-du-cinema-et-immigration-dOujda-1-300x153.jpg","fifu_image_alt":"9\u00e8me Festival international cin\u00e9ma  et immigration","footnotes":""},"categories":[73,54],"tags":[],"class_list":["post-123575","post","type-post","status-publish","format-standard","hentry","category-actualite","category-maroc"],"_links":{"self":[{"href":"https:\/\/linitiative.ca\/International\/wp-json\/wp\/v2\/posts\/123575","targetHints":{"allow":["GET"]}}],"collection":[{"href":"https:\/\/linitiative.ca\/International\/wp-json\/wp\/v2\/posts"}],"about":[{"href":"https:\/\/linitiative.ca\/International\/wp-json\/wp\/v2\/types\/post"}],"author":[{"embeddable":true,"href":"https:\/\/linitiative.ca\/International\/wp-json\/wp\/v2\/users\/1759"}],"replies":[{"embeddable":true,"href":"https:\/\/linitiative.ca\/International\/wp-json\/wp\/v2\/comments?post=123575"}],"version-history":[{"count":0,"href":"https:\/\/linitiative.ca\/International\/wp-json\/wp\/v2\/posts\/123575\/revisions"}],"wp:attachment":[{"href":"https:\/\/linitiative.ca\/International\/wp-json\/wp\/v2\/media?parent=123575"}],"wp:term":[{"taxonomy":"category","embeddable":true,"href":"https:\/\/linitiative.ca\/International\/wp-json\/wp\/v2\/categories?post=123575"},{"taxonomy":"post_tag","embeddable":true,"href":"https:\/\/linitiative.ca\/International\/wp-json\/wp\/v2\/tags?post=123575"}],"curies":[{"name":"wp","href":"https:\/\/api.w.org\/{rel}","templated":true}]}}