{"id":123577,"date":"2021-08-08T09:52:28","date_gmt":"2021-08-08T13:52:28","guid":{"rendered":"https:\/\/linitiative.ca\/International\/plusieurs-ambassadeurs-accredites-au-maroc-visitent-le-siege-du-bcij\/"},"modified":"2021-08-08T09:52:28","modified_gmt":"2021-08-08T13:52:28","slug":"plusieurs-ambassadeurs-accredites-au-maroc-visitent-le-siege-du-bcij","status":"publish","type":"post","link":"https:\/\/linitiative.ca\/International\/plusieurs-ambassadeurs-accredites-au-maroc-visitent-le-siege-du-bcij\/","title":{"rendered":"Plusieurs ambassadeurs accr\u00e9dit\u00e9s au Maroc visitent le si\u00e8ge du BCIJ"},"content":{"rendered":"<div>\n<p class=\"has-text-align-center has-vivid-red-color has-text-color\"><strong>Conduite par la Fondation diplomatique<\/strong><\/p>\n<p class=\"has-text-color\" style=\"color:#062ce5\"><strong>Plusieurs ambassadeurs accr\u00e9dit\u00e9s au Maroc ont effectu\u00e9, jeudi, une visite au si\u00e8ge du Bureau central d\u2019investigations judiciaires (BCIJ), relevant de la Direction g\u00e9n\u00e9rale de la Surveillance du territoire (DGST), une occasion pour ces diplomates de s\u2019informer des efforts d\u00e9ploy\u00e9s par le Maroc en mati\u00e8re de lutte contre le terrorisme et le crime organis\u00e9.<\/strong><\/p>\n<p>Cette visite s\u2019inscrit dans le cadre de l\u2019ouverture des organes s\u00e9curitaires sur leur environnement ainsi que dans le cadre de la politique de transparence men\u00e9e par l\u2019appareil s\u00e9curitaire marocain, dont les actions et les r\u00e9alisations sont d\u00e9sormais reconnues sur le plan international plus particuli\u00e8rement en mati\u00e8re de lutte contre le terrorisme.<\/p>\n<p>Ainsi, une vingtaine de diplomates repr\u00e9sentant des pays dans les quatre coins du monde, dont certains \u00e9taient accompagn\u00e9s par leurs magistrats de liaison et responsables de lutte contre le terrorisme, ont eu l\u2019occasion de prendre connaissance des diff\u00e9rentes activit\u00e9s du BCIJ et de son r\u00f4le dans la lutte contre le terrorisme et le crime organis\u00e9 et l\u2019\u00e9radication des racines du mal.<\/p>\n<p>Un accent particulier a \u00e9t\u00e9 mis, \u00e0 cette occasion, sur les avanc\u00e9es r\u00e9alis\u00e9es par le Maroc dans le domaine de la lutte contre le terrorisme et le crime organis\u00e9, ainsi que sur l\u2019importance de la coop\u00e9ration s\u00e9curitaire du Maroc avec le reste du monde.<\/p>\n<p>La d\u00e9l\u00e9gation des ambassadeurs, conduite par la Fondation diplomatique, a rencontr\u00e9 \u00e0 cette occasion le directeur du BCIJ, M. Cherkaoui Habboub. Les diff\u00e9rentes interventions, dans ce cadre, ont mis l\u2019accent sur les enjeux s\u00e9curitaires dans plusieurs r\u00e9gions du monde particuli\u00e8rement au Sahel, soulignant la n\u00e9cessit\u00e9 de renforcer davantage la coop\u00e9ration en mati\u00e8re de lutte contre le terrorisme notamment dans cette r\u00e9gion africaine.<\/p>\n<p>Les diplomates ont saisi l\u2019occasion de la visite du BCIJ pour mettre l\u2019accent, dans des d\u00e9clarations \u00e0 la presse, sur l\u2019importance de la coop\u00e9ration s\u00e9curitaire en mati\u00e8re de lutte contre le terrorisme et le r\u00f4le du Maroc dans ce cadre. Un r\u00f4le mondialement reconnu, ont-ils pr\u00e9cis\u00e9.<\/p>\n<p>Les organes s\u00e9curitaires marocains disposent de la force et de la capacit\u00e9 requises pour non seulement garantir et pr\u00e9server la s\u00e9curit\u00e9 des Marocains, mais aussi pour coop\u00e9rer avec les autres pays dans le domaine s\u00e9curitaire, a soulign\u00e9, pour sa part, le pr\u00e9sident de la Fondation Diplomatique, M. Abdelati Habek.<\/p>\n<p>Il a cit\u00e9, dans ce cadre, le d\u00e9mant\u00e8lement de plusieurs cellules terroristes dans des pays \u00e9trangers et ce gr\u00e2ce \u00e0 la coop\u00e9ration des services s\u00e9curitaires marocains, une coop\u00e9ration qui se fait dans le respect total des conventions et trait\u00e9s internationaux auxquels adh\u00e8re pleinement le Maroc.<\/p>\n<p>A l\u2019issue de cette visite, M. Cherkaoui Habboub a re\u00e7u de la Fondation un troph\u00e9e et une lettre de remerciement destin\u00e9s au directeur g\u00e9n\u00e9ral de la Direction g\u00e9n\u00e9rale de la S\u00fbret\u00e9 nationale (DGSN) et de la Direction de la surveillance du territoire national (DGST), M. Abdellatif Hammouchi, en reconnaissance aux efforts d\u00e9ploy\u00e9s par le Maroc dans le domaine s\u00e9curitaire.<\/p>\n<p>La d\u00e9l\u00e9gation des diplomates qui ont visit\u00e9 le si\u00e8ge du BCIJ se composait des ambassadeurs du Cameroun, du Tchad, de l\u2019\u00c9gypte, de la Russie, de l\u2019Arabie Saoudite, du Japon, des \u00c9mirats Arabes Unis, de l\u2019Australie, du Rwanda, du Nigeria, de la Belgique, de la Tunisie, du Portugal, de l\u2019Ukraine, du Royaume-Uni, de la Mauritanie, du Kazakhstan et de la Cor\u00e9e du Sud, ainsi que les charg\u00e9s d\u2019Affaires des \u00c9tats-Unis d\u2019Am\u00e9rique, de la Libye, du Canada et de l\u2019Espagne.<\/p>\n<p>L\u2019article <a rel=\"nofollow\" href=\"http:\/\/albayane.press.ma\/plusieurs-ambassadeurs-accredites-au-maroc-visitent-le-siege-du-bcij.html\">Plusieurs ambassadeurs accr\u00e9dit\u00e9s au Maroc visitent le si\u00e8ge du BCIJ<\/a> est apparu en premier sur <a rel=\"nofollow\" href=\"http:\/\/albayane.press.ma\/\">ALBAYANE<\/a>.<\/p>\n<\/div>\n<p>Auteur: M&rsquo;hammed rahal<br \/>\n<a href=\"http:\/\/albayane.press.ma\/plusieurs-ambassadeurs-accredites-au-maroc-visitent-le-siege-du-bcij.html\">Cliquez ici pour lire l&rsquo;article depuis sa source.<\/a><\/p>\n","protected":false},"excerpt":{"rendered":"<p>Conduite par la Fondation diplomatique Plusieurs ambassadeurs accr\u00e9dit\u00e9s au Maroc ont effectu\u00e9, jeudi, une visite au si\u00e8ge du Bureau central d\u2019investigations judiciaires (BCIJ), relevant de la Direction g\u00e9n\u00e9rale de la Surveillance du territoire (DGST), une occasion pour ces diplomates de s\u2019informer des efforts d\u00e9ploy\u00e9s par le Maroc en mati\u00e8re de lutte contre le terrorisme et [&hellip;]<\/p>\n","protected":false},"author":1760,"featured_media":0,"comment_status":"closed","ping_status":"closed","sticky":false,"template":"","format":"standard","meta":{"fifu_image_url":"","fifu_image_alt":"","footnotes":""},"categories":[73,54],"tags":[],"class_list":["post-123577","post","type-post","status-publish","format-standard","hentry","category-actualite","category-maroc"],"_links":{"self":[{"href":"https:\/\/linitiative.ca\/International\/wp-json\/wp\/v2\/posts\/123577","targetHints":{"allow":["GET"]}}],"collection":[{"href":"https:\/\/linitiative.ca\/International\/wp-json\/wp\/v2\/posts"}],"about":[{"href":"https:\/\/linitiative.ca\/International\/wp-json\/wp\/v2\/types\/post"}],"author":[{"embeddable":true,"href":"https:\/\/linitiative.ca\/International\/wp-json\/wp\/v2\/users\/1760"}],"replies":[{"embeddable":true,"href":"https:\/\/linitiative.ca\/International\/wp-json\/wp\/v2\/comments?post=123577"}],"version-history":[{"count":0,"href":"https:\/\/linitiative.ca\/International\/wp-json\/wp\/v2\/posts\/123577\/revisions"}],"wp:attachment":[{"href":"https:\/\/linitiative.ca\/International\/wp-json\/wp\/v2\/media?parent=123577"}],"wp:term":[{"taxonomy":"category","embeddable":true,"href":"https:\/\/linitiative.ca\/International\/wp-json\/wp\/v2\/categories?post=123577"},{"taxonomy":"post_tag","embeddable":true,"href":"https:\/\/linitiative.ca\/International\/wp-json\/wp\/v2\/tags?post=123577"}],"curies":[{"name":"wp","href":"https:\/\/api.w.org\/{rel}","templated":true}]}}