{"id":123579,"date":"2021-08-08T10:13:09","date_gmt":"2021-08-08T14:13:09","guid":{"rendered":"https:\/\/linitiative.ca\/International\/un-choix-strategique-national-a-lere-de-la-proliferation-des-menaces-cybernetiques\/"},"modified":"2021-08-08T10:13:09","modified_gmt":"2021-08-08T14:13:09","slug":"un-choix-strategique-national-a-lere-de-la-proliferation-des-menaces-cybernetiques","status":"publish","type":"post","link":"https:\/\/linitiative.ca\/International\/un-choix-strategique-national-a-lere-de-la-proliferation-des-menaces-cybernetiques\/","title":{"rendered":"Un choix strat\u00e9gique national \u00e0 l\u2019\u00e8re de la prolif\u00e9ration des menaces cybern\u00e9tiques"},"content":{"rendered":"<div>\n<p class=\"has-text-align-center has-vivid-red-color has-text-color\"><strong>Cybers\u00e9curit\u00e9<\/strong><\/p>\n<p class=\"has-text-color\" style=\"color:#064ae5\"><strong>Un panel d\u2019experts marocains dans le domaine de la s\u00e9curit\u00e9 des syst\u00e8mes d\u2019information ont soulign\u00e9, lors d\u2019une conf\u00e9rence virtuelle organis\u00e9e \u00e0 l\u2019occasion du lancement par l\u2019Ecole nationale des sciences appliqu\u00e9es (ENSA) de Marrakech, d\u2019une fili\u00e8re d\u00e9di\u00e9e au \u00ab\u00a0G\u00e9nie Cyber-D\u00e9fense et Syst\u00e8mes de T\u00e9l\u00e9communications Embarqu\u00e9s\u00a0\u00bb, que la cybers\u00e9curit\u00e9 est appel\u00e9e \u00e0 devenir un choix strat\u00e9gique national pour \u00eatre en mesure de s\u2019adapter \u00e0 un contexte mondial marqu\u00e9 par une prolif\u00e9ration et une \u00e9volution alarmante des menaces cybern\u00e9tiques.<\/strong><\/p>\n<p>Les intervenants \u00e0 cette rencontre, ont relev\u00e9 que l\u2019enjeu de s\u00e9curisation du cyberespace marocain est identifi\u00e9 depuis plusieurs ann\u00e9es par les autorit\u00e9s publiques comme une priorit\u00e9 nationale face aux menaces cybern\u00e9tiques croissantes, qui p\u00e8sent sur les organismes d\u2019importance vitale et les entreprises nationales et internationales impl\u00e9ment\u00e9es au Maroc.<\/p>\n<p>Dans ce cadre, l\u2019expert en syst\u00e8mes d\u2019information et cybers\u00e9curit\u00e9 et ancien Secr\u00e9taire g\u00e9n\u00e9ral du d\u00e9partement en charge des Technologies de l\u2019Information, Taieb Debbagh, a soulign\u00e9 que la cybers\u00e9curit\u00e9 est une pr\u00e9occupation qui n\u2019est pas r\u00e9cente au Maroc, mettant en exergue les mesures prises par le Maroc depuis 2007 sur le plan organisationnel et r\u00e9glementaire en mati\u00e8re de lutte contre la cybercriminalit\u00e9.<\/p>\n<p>Il s\u2019agit notamment de la mise en place d\u2019une strat\u00e9gie nationale de cybers\u00e9curit\u00e9 et de s\u00e9curit\u00e9 des syst\u00e8mes d\u2019information, la mise en place de la Direction G\u00e9n\u00e9rale de la S\u00e9curit\u00e9 des Syst\u00e8mes d\u2019Information (DGSSI), de maCERT (Moroccan Computer Emergency Response Team), relevant de l\u2019Administration de la D\u00e9fense Nationale, de la cr\u00e9ation de Laboratoires R\u00e9gionaux d\u2019Analyse de Traces Num\u00e9riques et Anti-cybercriminalit\u00e9, relevant de la Direction G\u00e9n\u00e9rale de la S\u00fbret\u00e9 Nationale (DGSN) et la Commission Nationale de Contr\u00f4le de la Protection des Donn\u00e9es Personnelles (CNDP), a-t-il rappel\u00e9.<\/p>\n<p>Dans ce contexte, cet expert en Transformation Digitale et Cybers\u00e9curit\u00e9 a estim\u00e9 que le facteur humain est la cl\u00e9 de vo\u00fbte de la cybers\u00e9curit\u00e9, d\u2019o\u00f9 la n\u00e9cessit\u00e9 de renforcer le volet de la formation dans ce domaine pour pallier le manque de profils form\u00e9s en cybers\u00e9curit\u00e9 sur le march\u00e9 du travail marocain.<\/p>\n<p>De son c\u00f4t\u00e9, Asmaa Guenoun, directrice du secteur de la gouvernance num\u00e9rique au sein d\u2019un groupe bancaire mondial, a fait remarquer que l\u2019expansion de l\u2019utilisation des nouvelles technologies de communication et d\u2019information va de pair avec la prolif\u00e9ration de la cybercriminalit\u00e9 qui s\u2019organise de plus en plus et qui n\u2019a pas que des motivations financi\u00e8res.<\/p>\n<p>Passant en revue les impacts de la cybercriminalit\u00e9 sur l\u2019\u00e9conomie des pays, cette experte de la cybers\u00e9curit\u00e9 a not\u00e9 que le Maroc s\u2019est dot\u00e9 d\u2019un cadre r\u00e9glementaire solide et d\u2019une organisation \u00e9tatique cr\u00e9dible, qui lui permet de faire face \u00e0 toutes les menaces cybern\u00e9tiques.<\/p>\n<p>Pour sa part, Ali Azzouzi, pr\u00e9sident directeur g\u00e9n\u00e9ral d\u2019une entreprise sp\u00e9cialis\u00e9e en s\u00e9curit\u00e9 de l\u2019information, a mis l\u2019accent sur une p\u00e9nurie mondiale en ressources qualifi\u00e9es dans le domaine de la cybers\u00e9curit\u00e9, estimant que les besoins mondiaux en ing\u00e9nieurs sp\u00e9cialis\u00e9s en cybers\u00e9curit\u00e9 d\u00e9passent les 3 millions.<\/p>\n<p>\u00ab\u00a0Le Maroc n\u2019\u00e9chappe pas lui aussi \u00e0 cette r\u00e8gle et est appel\u00e9 \u00e0 consentir davantage d\u2019efforts dans le domaine de la formation d\u2019ing\u00e9nieurs sp\u00e9cialis\u00e9s en cybers\u00e9curit\u00e9, un domaine qui repr\u00e9sente l\u2019avenir des pays et un aspect important de leur souverainet\u00e9\u00a0\u00bb, a expliqu\u00e9 cet expert en s\u00e9curit\u00e9 de l\u2019information ayant men\u00e9 plusieurs projets de conseil et d\u2019int\u00e9gration de solutions de s\u00e9curit\u00e9 au Maroc et \u00e0 l\u2019\u00e9tranger.<\/p>\n<p>De son c\u00f4t\u00e9, Hassan Moussafir, responsable de s\u00e9curit\u00e9 de syst\u00e8mes d\u2019information dans une soci\u00e9t\u00e9 d\u2019assurance marocaine, a mis l\u2019accent sur les menaces cybern\u00e9tiques qui sont de nature \u00e0 peser sur le t\u00e9l\u00e9travail, un mode de travail qui a \u00e9t\u00e9 adopt\u00e9 et encourag\u00e9 en raison de la pand\u00e9mie de la Covid-19, mais qui doit \u00eatre accompagn\u00e9 de plusieurs mesures de s\u00e9curit\u00e9.<\/p>\n<p>Et d\u2019appeler \u00e0 sensibiliser en continue les ressources humaines \u00e0 travers des bulletins d\u2019alerte et rappeler toujours au personnel les bonnes pratiques \u00e0 adopter pour prot\u00e9ger le patrimoine immat\u00e9riel de l\u2019entreprise et des organismes \u00e9tatiques.<\/p>\n<p>L\u2019enseignant universitaire et responsable de la nouvelle fili\u00e8re de l\u2019ENSA, Anas Abou El Kalam, a estim\u00e9 que la cr\u00e9ation de cette fili\u00e8re au sein de cet \u00e9tablissement d\u2019enseignement sup\u00e9rieur vient pallier le manque de ressources humaines form\u00e9es \u00e0 la cybers\u00e9curit\u00e9 au Maroc.<\/p>\n<p>La cr\u00e9ation de cette fili\u00e8re vient \u00e0 temps avec l\u2019\u00e9mergence d\u2019un secteur de la cybers\u00e9curit\u00e9 d\u00e9velopp\u00e9 aussi bien par des acteurs nationaux que par des entreprises \u00e9trang\u00e8res qui investissent dans la cybers\u00e9curit\u00e9 au Maroc, a-t-il fait remarquer.<\/p>\n<p>L\u2019article <a rel=\"nofollow\" href=\"http:\/\/albayane.press.ma\/un-choix-strategique-national-a-lere-de-la-proliferation-des-menaces-cybernetiques.html\">Un choix strat\u00e9gique national \u00e0 l\u2019\u00e8re de la prolif\u00e9ration des menaces cybern\u00e9tiques<\/a> est apparu en premier sur <a rel=\"nofollow\" href=\"http:\/\/albayane.press.ma\/\">ALBAYANE<\/a>.<\/p>\n<\/div>\n<p>Auteur: M&rsquo;hammed rahal<br \/>\n<a href=\"http:\/\/albayane.press.ma\/un-choix-strategique-national-a-lere-de-la-proliferation-des-menaces-cybernetiques.html\">Cliquez ici pour lire l&rsquo;article depuis sa source.<\/a><\/p>\n","protected":false},"excerpt":{"rendered":"<p>Cybers\u00e9curit\u00e9 Un panel d\u2019experts marocains dans le domaine de la s\u00e9curit\u00e9 des syst\u00e8mes d\u2019information ont soulign\u00e9, lors d\u2019une conf\u00e9rence virtuelle organis\u00e9e \u00e0 l\u2019occasion du lancement par l\u2019Ecole nationale des sciences appliqu\u00e9es (ENSA) de Marrakech, d\u2019une fili\u00e8re d\u00e9di\u00e9e au \u00ab\u00a0G\u00e9nie Cyber-D\u00e9fense et Syst\u00e8mes de T\u00e9l\u00e9communications Embarqu\u00e9s\u00a0\u00bb, que la cybers\u00e9curit\u00e9 est appel\u00e9e \u00e0 devenir un choix strat\u00e9gique [&hellip;]<\/p>\n","protected":false},"author":1760,"featured_media":0,"comment_status":"closed","ping_status":"closed","sticky":false,"template":"","format":"standard","meta":{"fifu_image_url":"","fifu_image_alt":"","footnotes":""},"categories":[73,54],"tags":[],"class_list":["post-123579","post","type-post","status-publish","format-standard","hentry","category-actualite","category-maroc"],"_links":{"self":[{"href":"https:\/\/linitiative.ca\/International\/wp-json\/wp\/v2\/posts\/123579","targetHints":{"allow":["GET"]}}],"collection":[{"href":"https:\/\/linitiative.ca\/International\/wp-json\/wp\/v2\/posts"}],"about":[{"href":"https:\/\/linitiative.ca\/International\/wp-json\/wp\/v2\/types\/post"}],"author":[{"embeddable":true,"href":"https:\/\/linitiative.ca\/International\/wp-json\/wp\/v2\/users\/1760"}],"replies":[{"embeddable":true,"href":"https:\/\/linitiative.ca\/International\/wp-json\/wp\/v2\/comments?post=123579"}],"version-history":[{"count":0,"href":"https:\/\/linitiative.ca\/International\/wp-json\/wp\/v2\/posts\/123579\/revisions"}],"wp:attachment":[{"href":"https:\/\/linitiative.ca\/International\/wp-json\/wp\/v2\/media?parent=123579"}],"wp:term":[{"taxonomy":"category","embeddable":true,"href":"https:\/\/linitiative.ca\/International\/wp-json\/wp\/v2\/categories?post=123579"},{"taxonomy":"post_tag","embeddable":true,"href":"https:\/\/linitiative.ca\/International\/wp-json\/wp\/v2\/tags?post=123579"}],"curies":[{"name":"wp","href":"https:\/\/api.w.org\/{rel}","templated":true}]}}