{"id":12358,"date":"2019-02-08T12:59:00","date_gmt":"2019-02-08T17:59:00","guid":{"rendered":"https:\/\/linitiative.ca\/International\/odeurs-incommodantes-de-la-zone-dactivite-de-fornaka-la-direction-de-lenvironnement-rassure\/"},"modified":"2019-02-08T12:59:00","modified_gmt":"2019-02-08T17:59:00","slug":"odeurs-incommodantes-de-la-zone-dactivite-de-fornaka-la-direction-de-lenvironnement-rassure","status":"publish","type":"post","link":"https:\/\/linitiative.ca\/International\/odeurs-incommodantes-de-la-zone-dactivite-de-fornaka-la-direction-de-lenvironnement-rassure\/","title":{"rendered":"ODEURS INCOMMODANTES  DE LA ZONE D\u2019ACTIVITE DE FORNAKA : La Direction de l\u2019environnement rassure"},"content":{"rendered":"<p><br id=\"sep_para_1\" class=\"sep_para access\"\/><\/p>\n<div id=\"para_1\" class=\"para_29120148 resize\">\n<div class=\"texte access firstletter\">D\u2019embl\u00e9e, nos interlocuteurs \u00e0 la Direction de l\u2019Environnement ont tenu\u00a0 \u00e0 faire savoir\u00a0 que\u00a0 les installations class\u00e9es sont soumises \u00e0 des r\u00e8gles strictes respect\u00e9es scrupuleusement. Selon eux, toutes les phases, de la r\u00e9alisation \u00e0\u00a0 l\u2019exploitation,\u00a0 d\u2019un projet industriel\u00a0 sont soumises \u00e0 des autorisations. Tout d\u2019abord, avant la phase construction, l\u2019industriel est tenu de fournir une \u00e9tude d\u00e9taill\u00e9e\u00a0 de risques (dangers) et d\u2019impact sur l\u2019environnement, le personnel et la population. Cette \u00e9tude doit d\u00fbment prouver que l\u2019installation industrielle projet\u00e9e\u00a0 ne pr\u00e9sente pas une source de nuisance de quelque nature que ce soit. Ensuite, avant la phase d\u2019exploitation industrielle, les premiers tests de l\u2019installation doivent confirmer les \u00e9tudes de dangers et d\u2019impact pr\u00e9sent\u00e9es pr\u00e9c\u00e9demment. Et ce n\u2019est pas tout. Une fois l\u2019autorisation d\u2019exploitation industrielle d\u00e9livr\u00e9e, l\u2019installation exploit\u00e9e reste sous un contr\u00f4le permanent par le biais des inspections inopin\u00e9es de la commission de wilaya charg\u00e9e du contr\u00f4le des installations class\u00e9es, de la Direction de l\u2019Environnement et de la commission de wilaya charg\u00e9e de\u00a0 la veille sur\u00a0 l\u2019environnement et le d\u00e9veloppement durable. Nos interlocuteurs reconnaissent cependant\u00a0 que malgr\u00e9 la pr\u00e9sence sur le terrain de toute cette panoplie d\u2019acteurs de contr\u00f4le et de veille, des manquements pourraient arriver. D\u2019apr\u00e8s eux, ces manquements ont pour origine soit une panne des \u00e9quipements de traitement des d\u00e9chets industriels, soit la mise \u00e0 l\u2019arr\u00eat volontaire de ces \u00e9quipements, car, explique-t-on, le traitement des d\u00e9chets constitue une charge d\u2019exploitation que certains industriels pourraient chercher \u00e0 \u00e9viter. L\u2019on assure qu\u2019en cas de manquement, et si une mesure urgente\u00a0 n\u2019est pas requise,\u00a0 le pollueur\u00a0 est mis en demeure\u00a0 de se mettre en conformit\u00e9 avec les lois et les normes \u00e9tablies dans un d\u00e9lai raisonnable. Si l\u2019infraction persiste, la fermeture de l\u2019installation en cause est prononc\u00e9e. Nos m\u00eames\u00a0 interlocuteurs ont insist\u00e9\u00a0 \u00e0 l\u2019occasion sur le r\u00f4le du citoyen dans la pr\u00e9servation de l\u2019environnement. Ils l\u2019encouragent ainsi \u00e0 s\u2019impliquer dans les efforts de veille et d\u2019alerte. Mais pour l\u2019instant, l\u2019on n\u2019a pas\u00a0 encore pens\u00e9 \u00e0 un num\u00e9ro vert pour lui faciliter la t\u00e2che. De ce fait, pour ce faire, le citoyen n\u2019a\u00a0 pour\u00a0 alternative\u00a0 que de saisir par \u00e9crit la Direction\u00a0 ou se pr\u00e9senter le jour de la r\u00e9ception des citoyens. Par ailleurs, il y a lieu de relever que des affiches\u00a0 non sign\u00e9es\u00a0 ont\u00a0 \u00e9t\u00e9 placard\u00e9es sur les murs \u00e0 Fornaka\u00a0 en guise d\u2019appel \u00e0 un sit-in de protestation\u00a0 devant le si\u00e8ge de l\u2019APC au sujet des odeurs de la zone d\u2019activit\u00e9, mais selon nos sources, ce\u00a0 sit-in n\u2019a pas eu lieu. Le moins que l\u2019on puisse dire, \u00e0 ce propos,\u00a0 est que le\u00a0 curieux mode d\u2019emploi adopt\u00e9\u00a0 pour\u00a0 s\u2019organiser\u00a0\u00a0 et interpeller les \u00e9lus locaux\u00a0 met \u00e0 nu l\u2019indigence de la vie associative dans cette commune.\u00a0\u00a0\u00a0\u00a0\u00a0\u00a0\u00a0\u00a0<\/div>\n<\/div>\n","protected":false},"excerpt":{"rendered":"<p>D\u2019embl\u00e9e, nos interlocuteurs \u00e0 la Direction de l\u2019Environnement ont tenu\u00a0 \u00e0 faire savoir\u00a0 que\u00a0 les installations class\u00e9es sont soumises \u00e0 des r\u00e8gles strictes respect\u00e9es scrupuleusement. Selon eux, toutes les phases, de la r\u00e9alisation \u00e0\u00a0 l\u2019exploitation,\u00a0 d\u2019un projet industriel\u00a0 sont soumises \u00e0 des autorisations. Tout d\u2019abord, avant la phase construction, l\u2019industriel est tenu de fournir une [&hellip;]<\/p>\n","protected":false},"author":1740,"featured_media":0,"comment_status":"closed","ping_status":"closed","sticky":false,"template":"","format":"standard","meta":{"fifu_image_url":"","fifu_image_alt":"","footnotes":""},"categories":[53,76],"tags":[],"class_list":["post-12358","post","type-post","status-publish","format-standard","hentry","category-algerie","category-regions"],"_links":{"self":[{"href":"https:\/\/linitiative.ca\/International\/wp-json\/wp\/v2\/posts\/12358","targetHints":{"allow":["GET"]}}],"collection":[{"href":"https:\/\/linitiative.ca\/International\/wp-json\/wp\/v2\/posts"}],"about":[{"href":"https:\/\/linitiative.ca\/International\/wp-json\/wp\/v2\/types\/post"}],"author":[{"embeddable":true,"href":"https:\/\/linitiative.ca\/International\/wp-json\/wp\/v2\/users\/1740"}],"replies":[{"embeddable":true,"href":"https:\/\/linitiative.ca\/International\/wp-json\/wp\/v2\/comments?post=12358"}],"version-history":[{"count":0,"href":"https:\/\/linitiative.ca\/International\/wp-json\/wp\/v2\/posts\/12358\/revisions"}],"wp:attachment":[{"href":"https:\/\/linitiative.ca\/International\/wp-json\/wp\/v2\/media?parent=12358"}],"wp:term":[{"taxonomy":"category","embeddable":true,"href":"https:\/\/linitiative.ca\/International\/wp-json\/wp\/v2\/categories?post=12358"},{"taxonomy":"post_tag","embeddable":true,"href":"https:\/\/linitiative.ca\/International\/wp-json\/wp\/v2\/tags?post=12358"}],"curies":[{"name":"wp","href":"https:\/\/api.w.org\/{rel}","templated":true}]}}