{"id":123580,"date":"2021-08-08T10:18:46","date_gmt":"2021-08-08T14:18:46","guid":{"rendered":"https:\/\/linitiative.ca\/International\/le-pps-met-sur-pied-une-commission-nationale-pour-le-choix-des-candidates\/"},"modified":"2021-08-08T10:18:46","modified_gmt":"2021-08-08T14:18:46","slug":"le-pps-met-sur-pied-une-commission-nationale-pour-le-choix-des-candidates","status":"publish","type":"post","link":"https:\/\/linitiative.ca\/International\/le-pps-met-sur-pied-une-commission-nationale-pour-le-choix-des-candidates\/","title":{"rendered":"Le PPS met sur pied une commission nationale pour le choix des candidates"},"content":{"rendered":"<div>\n<p class=\"has-text-align-center has-vivid-red-color has-text-color\"><strong>Au titre des circonscriptions r\u00e9gionales l\u00e9gislatives<\/strong><\/p>\n<p class=\"has-white-color has-vivid-cyan-blue-background-color has-text-color has-background\"><strong>Une commission nationale, mise sur pied par le Bureau politique en dehors de ses membres, recevra durant les deux journ\u00e9es du lundi 9 ao\u00fbt et du mardi 10 ao\u00fbt courant les candidates propos\u00e9es pour devenir t\u00eate de listes r\u00e9gionales aux l\u00e9gislatives pr\u00e9vues en septembre 2021. Cette disposition du code \u00e9lectoral national permettra l\u2019\u00e9lection de 90 femmes \u00e0 la prochaine Chambre des Repr\u00e9sentants.<\/strong><\/p>\n<p>Cette d\u00e9marche permettra d\u2019\u00e9tablir, apr\u00e8s les d\u00e9lib\u00e9rations des conseils provinciaux et r\u00e9gionaux du PPS sur les diff\u00e9rentes candidatures, une classification pr\u00e9liminaire et objective des candidates au niveau de chaque r\u00e9gion, selon les crit\u00e8res d\u2019\u00e9ligibilit\u00e9, de d\u00e9veloppement individuel, de comp\u00e9tence, d\u2019exp\u00e9rience organisationnelle partisane et associative, de probit\u00e9 et de fiabilit\u00e9. Elle se fera dans le cadre d\u2019entretiens individuels directs avec les camarades concern\u00e9es.<\/p>\n<p>Les travaux de la commission nationale seront soumis \u00e0 l\u2019approbation d\u00e9finitive des instances partisanes qui en sont juridiquement habilit\u00e9es, c\u2019est-\u00e0-dire le Comit\u00e9 central et le Bureau politique, conform\u00e9ment aux r\u00e8gles de la d\u00e9mocratie, de la transparence et du respect des statuts du parti.<\/p>\n<p>Pour rappel, le Parti du Progr\u00e8s et du Socialisme avait institu\u00e9, comme par le pass\u00e9, une proc\u00e9dure pr\u00e9cise \u00e0 ce sujet, fond\u00e9e sur la pr\u00e9sentation des candidatures f\u00e9minines \u00e0 partir des sections provinciales. Les conseils r\u00e9gionaux s\u2019\u00e9taient ensuite r\u00e9unis pour d\u00e9lib\u00e9rer et exprimer leur avis sur les diff\u00e9rentes candidatures, avant que le sujet ne parvienne au niveau national afin d\u2019opter d\u00e9finitivement \u00e0 la lumi\u00e8re des conclusions de toutes les \u00e9tapes pr\u00e9c\u00e9dentes.<\/p>\n<p>L\u2019article <a rel=\"nofollow\" href=\"http:\/\/albayane.press.ma\/le-pps-met-sur-pied-une-commission-nationale-pour-le-choix-des-candidates.html\">Le PPS met sur pied une commission nationale pour le choix des candidates<\/a> est apparu en premier sur <a rel=\"nofollow\" href=\"http:\/\/albayane.press.ma\/\">ALBAYANE<\/a>.<\/p>\n<\/div>\n<p>Auteur: M&rsquo;hammed rahal<br \/>\n<a href=\"http:\/\/albayane.press.ma\/le-pps-met-sur-pied-une-commission-nationale-pour-le-choix-des-candidates.html\">Cliquez ici pour lire l&rsquo;article depuis sa source.<\/a><\/p>\n","protected":false},"excerpt":{"rendered":"<p>Au titre des circonscriptions r\u00e9gionales l\u00e9gislatives Une commission nationale, mise sur pied par le Bureau politique en dehors de ses membres, recevra durant les deux journ\u00e9es du lundi 9 ao\u00fbt et du mardi 10 ao\u00fbt courant les candidates propos\u00e9es pour devenir t\u00eate de listes r\u00e9gionales aux l\u00e9gislatives pr\u00e9vues en septembre 2021. Cette disposition du code [&hellip;]<\/p>\n","protected":false},"author":1760,"featured_media":0,"comment_status":"closed","ping_status":"closed","sticky":false,"template":"","format":"standard","meta":{"fifu_image_url":"","fifu_image_alt":"","footnotes":""},"categories":[73,54],"tags":[],"class_list":["post-123580","post","type-post","status-publish","format-standard","hentry","category-actualite","category-maroc"],"_links":{"self":[{"href":"https:\/\/linitiative.ca\/International\/wp-json\/wp\/v2\/posts\/123580","targetHints":{"allow":["GET"]}}],"collection":[{"href":"https:\/\/linitiative.ca\/International\/wp-json\/wp\/v2\/posts"}],"about":[{"href":"https:\/\/linitiative.ca\/International\/wp-json\/wp\/v2\/types\/post"}],"author":[{"embeddable":true,"href":"https:\/\/linitiative.ca\/International\/wp-json\/wp\/v2\/users\/1760"}],"replies":[{"embeddable":true,"href":"https:\/\/linitiative.ca\/International\/wp-json\/wp\/v2\/comments?post=123580"}],"version-history":[{"count":0,"href":"https:\/\/linitiative.ca\/International\/wp-json\/wp\/v2\/posts\/123580\/revisions"}],"wp:attachment":[{"href":"https:\/\/linitiative.ca\/International\/wp-json\/wp\/v2\/media?parent=123580"}],"wp:term":[{"taxonomy":"category","embeddable":true,"href":"https:\/\/linitiative.ca\/International\/wp-json\/wp\/v2\/categories?post=123580"},{"taxonomy":"post_tag","embeddable":true,"href":"https:\/\/linitiative.ca\/International\/wp-json\/wp\/v2\/tags?post=123580"}],"curies":[{"name":"wp","href":"https:\/\/api.w.org\/{rel}","templated":true}]}}