{"id":123581,"date":"2021-08-08T10:58:59","date_gmt":"2021-08-08T14:58:59","guid":{"rendered":"https:\/\/linitiative.ca\/International\/effondre-messi-dit-adieu-a-son-club-de-coeur\/"},"modified":"2021-08-08T10:58:59","modified_gmt":"2021-08-08T14:58:59","slug":"effondre-messi-dit-adieu-a-son-club-de-coeur","status":"publish","type":"post","link":"https:\/\/linitiative.ca\/International\/effondre-messi-dit-adieu-a-son-club-de-coeur\/","title":{"rendered":"Effondr\u00e9, Messi dit adieu \u00e0 son club de c\u0153ur"},"content":{"rendered":"<div>\n<p class=\"has-text-align-center has-vivid-red-color has-text-color\"><strong>FC Barcelone<\/strong><\/p>\n<p class=\"has-text-color\" style=\"color:#0650e5\"><strong>Annonc\u00e9e au Paris Saint-Germain, la star argentine Lionel Messi a fait ses adieux ce dimanche \u00e0 son club de toujours. Le d\u00e9sormais ex-Blaugrana a expliqu\u00e9 les raisons de son d\u00e9part, lors d\u2019une conf\u00e9rence de presse au Camp Nou.<\/strong><\/p>\n<p>Une prise de parole tr\u00e8s attendue sur la plan\u00e8te football o\u00f9 l\u2019annonce de son d\u00e9part jeudi soir, alors que sa prolongation semblait en tr\u00e8s bonne voie, a repr\u00e9sent\u00e9 un v\u00e9ritable s\u00e9isme et relanc\u00e9 le march\u00e9 des transferts, jusque-l\u00e0 peu anim\u00e9.<\/p>\n<p>D\u00e9sormais, tous les chemins semblent mener au Parc des Princes pour le sextuple Ballon d\u2019or, arriv\u00e9 \u00e0 13 ans \u00e0 Barcelone o\u00f9 il est devenu l\u2019un des meilleurs joueurs de l\u2019histoire.<\/p>\n<p>Selon Le Parisien, un accord entre le club parisien et l\u2019Argentin pourrait intervenir d\u00e8s ce dimanche. L\u2019Equipe a pour sa part \u00e9voqu\u00e9 un \u00abcontrat record\u00bb de trois ann\u00e9es, \u00abassorties d\u2019un salaire net annuel de 40 millions d\u2019euros\u00bb.<\/p>\n<p>Messi pourrait signer pour deux saisons, plus une en option.<\/p>\n<p>Redevenu pr\u00e9sident du club en promettant qu\u2019il conserverait la \u00abPulga\u00bb (la Puce), Joan Laporta a expliqu\u00e9 vendredi ne pas avoir pu prolonger sa star en raison de la situation financi\u00e8re d\u00e9sastreuse du club et des r\u00e8gles de plafond salarial de la Liga alors qu\u2019un accord avait \u00e9t\u00e9 pourtant trouv\u00e9.<\/p>\n<p>\u00abNous n\u2019avons pas voulu mettre plus en p\u00e9ril l\u2019institution\u00bb, a d\u00e9clar\u00e9 Laporta en assurant avoir \u00abfait ce qui \u00e9tait le mieux pour les int\u00e9r\u00eats\u00bb du club qui va accuser une perte abyssale de 487 millions d\u2019euros la saison derni\u00e8re.<\/p>\n<p>La star argentine a indiqu\u00e9 lors de ses adieux au FC Barcelone que poursuivre sa carri\u00e8re au Paris SG \u00e9tait une \u00abpossibilit\u00e9\u00bb mais que rien n\u2019\u00e9tait sign\u00e9.<\/p>\n<p>\u00abC\u2019est une possibilit\u00e9\u00bb mais \u00abje n\u2019ai rien sign\u00e9 avec personne\u00bb, a-t-il d\u00e9clar\u00e9 alors que selon les m\u00e9dias fran\u00e7ais et espagnols, tous les chemins semblent mener au Parc des Princes pour l\u2019attaquant qui a pass\u00e9 plus de 20 ans \u00e0 Barcelone.<\/p>\n<p>Quand le communiqu\u00e9 (du d\u00e9part) a \u00e9t\u00e9 publi\u00e9, j\u2019ai re\u00e7u beaucoup d\u2019appels de clubs int\u00e9ress\u00e9s (\u2026) Pour l\u2019instant rien n\u2019est clos mais oui nous sommes en discussion\u00bb, a ajout\u00e9 l\u2019attaquant de 34 ans.<\/p>\n<p>Concernant son d\u00e9part, Messi a d\u00e9clar\u00e9\u00a0n\u2019avoir \u00abjamais imagin\u00e9\u00bb quitter le Bar\u00e7a apr\u00e8s plus de 20 ans de vie commune.<\/p>\n<p>\u00abJe n\u2019avais jamais imagin\u00e9 mes adieux car la v\u00e9rit\u00e9 est que je n\u2019y pensais pas. J\u2019aurais aim\u00e9 le faire avec du monde, sur le terrain\u00bb, a-t-il annonc\u00e9 lors de sa premi\u00e8re prise de parole apr\u00e8s l\u2019annonce de son d\u00e9part.<\/p>\n<p>L\u2019article <a rel=\"nofollow\" href=\"http:\/\/albayane.press.ma\/effondre-messi-dit-adieu-a-son-club-de-coeur.html\">Effondr\u00e9, Messi dit adieu \u00e0 son club de c\u0153ur<\/a> est apparu en premier sur <a rel=\"nofollow\" href=\"http:\/\/albayane.press.ma\/\">ALBAYANE<\/a>.<\/p>\n<\/div>\n<p>Auteur: M&rsquo;hammed rahal<br \/>\n<a href=\"http:\/\/albayane.press.ma\/effondre-messi-dit-adieu-a-son-club-de-coeur.html\">Cliquez ici pour lire l&rsquo;article depuis sa source.<\/a><\/p>\n","protected":false},"excerpt":{"rendered":"<p>FC Barcelone Annonc\u00e9e au Paris Saint-Germain, la star argentine Lionel Messi a fait ses adieux ce dimanche \u00e0 son club de toujours. Le d\u00e9sormais ex-Blaugrana a expliqu\u00e9 les raisons de son d\u00e9part, lors d\u2019une conf\u00e9rence de presse au Camp Nou. Une prise de parole tr\u00e8s attendue sur la plan\u00e8te football o\u00f9 l\u2019annonce de son d\u00e9part [&hellip;]<\/p>\n","protected":false},"author":1760,"featured_media":0,"comment_status":"closed","ping_status":"closed","sticky":false,"template":"","format":"standard","meta":{"fifu_image_url":"","fifu_image_alt":"","footnotes":""},"categories":[73,54],"tags":[],"class_list":["post-123581","post","type-post","status-publish","format-standard","hentry","category-actualite","category-maroc"],"_links":{"self":[{"href":"https:\/\/linitiative.ca\/International\/wp-json\/wp\/v2\/posts\/123581","targetHints":{"allow":["GET"]}}],"collection":[{"href":"https:\/\/linitiative.ca\/International\/wp-json\/wp\/v2\/posts"}],"about":[{"href":"https:\/\/linitiative.ca\/International\/wp-json\/wp\/v2\/types\/post"}],"author":[{"embeddable":true,"href":"https:\/\/linitiative.ca\/International\/wp-json\/wp\/v2\/users\/1760"}],"replies":[{"embeddable":true,"href":"https:\/\/linitiative.ca\/International\/wp-json\/wp\/v2\/comments?post=123581"}],"version-history":[{"count":0,"href":"https:\/\/linitiative.ca\/International\/wp-json\/wp\/v2\/posts\/123581\/revisions"}],"wp:attachment":[{"href":"https:\/\/linitiative.ca\/International\/wp-json\/wp\/v2\/media?parent=123581"}],"wp:term":[{"taxonomy":"category","embeddable":true,"href":"https:\/\/linitiative.ca\/International\/wp-json\/wp\/v2\/categories?post=123581"},{"taxonomy":"post_tag","embeddable":true,"href":"https:\/\/linitiative.ca\/International\/wp-json\/wp\/v2\/tags?post=123581"}],"curies":[{"name":"wp","href":"https:\/\/api.w.org\/{rel}","templated":true}]}}