{"id":123582,"date":"2021-08-08T07:04:38","date_gmt":"2021-08-08T11:04:38","guid":{"rendered":"https:\/\/linitiative.ca\/International\/previsions-meteorologiques-pour-la-journee-du-lundi-09-aout\/"},"modified":"2021-08-08T07:04:38","modified_gmt":"2021-08-08T11:04:38","slug":"previsions-meteorologiques-pour-la-journee-du-lundi-09-aout","status":"publish","type":"post","link":"https:\/\/linitiative.ca\/International\/previsions-meteorologiques-pour-la-journee-du-lundi-09-aout\/","title":{"rendered":"Pr\u00e9visions m\u00e9t\u00e9orologiques pour la journ\u00e9e du lundi 09 ao\u00fbt"},"content":{"rendered":"<div>\n<div style=\"margin-bottom:20px;\"><img loading=\"lazy\" decoding=\"async\" width=\"750\" height=\"430\" src=\"https:\/\/linitiative.ca\/International\/wp-content\/uploads\/sites\/23\/2021\/08\/soleil-2-1.jpg\" class=\"attachment-post-thumbnail size-post-thumbnail wp-post-image\" alt=\"\" srcset=\"https:\/\/linitiative.ca\/International\/wp-content\/uploads\/sites\/23\/2021\/08\/soleil-2-1.jpg 750w, http:\/\/www.mapmarrakech.ma\/map\/uploads\/2021\/08\/soleil-2-300x172.jpg 300w\" sizes=\"auto, (max-width: 750px) 100vw, 750px\"><\/div>\n<p>\u2013 Temps assez chaud sur le Sud-Est et l\u2019Oriental.<\/p>\n<p>\u2013 Formations brumeuses locales sur les c\u00f4tes Nord et Centre la nuit et la matin\u00e9e.<\/p>\n<p>\u2013 Temps stable et clair \u00e0 peu nuageux le jour.<\/p>\n<p>\u2013 Chasse-sables sur le Sud-Est, le Sud de l\u2019Oriental et l\u2019int\u00e9rieur des provinces Sud.<\/p>\n<p>\u2013 Vent mod\u00e9r\u00e9 \u00e0 assez fort de secteur nord sur le Sud, faible \u00e0 mod\u00e9r\u00e9 de secteur sud sur le Sud-Est et de secteur nord-ouest \u00e0 variable ailleurs.<\/p>\n<p>\u2013 Temp\u00e9ratures minimales de l\u2019ordre de 23\/29\u00b0C sur le Sud-Est, de 13\/18\u00b0C sur les reliefs et de 17\/23\u00b0C ailleurs.<\/p>\n<p>\u2013 Temp\u00e9ratures maximales de l\u2019ordre de 39\/45\u00b0C sur le Sud-Est, de 35\/40\u00b0C sur l\u2019Oriental et l\u2019int\u00e9rieur des provinces Sud, de 32\/36\u00b0C sur les plaines int\u00e9rieures, les plateaux des Phosphates et d\u2019Oulm\u00e8s, de 28\/33\u00b0C sur les plaines Atlantiques et de 23\/29\u00b0C pr\u00e8s des c\u00f4tes.<\/p>\n<p>\u2013 Mer belle \u00e0 peu agit\u00e9e sur la M\u00e9diterran\u00e9e et sur le D\u00e9troit, agit\u00e9e entre Mehdia et Tarfaya, parfois agit\u00e9e \u00e0 forte, le soir, entre Cap Ghir et Aglou et peu agit\u00e9e \u00e0 agit\u00e9e ailleurs.<\/p>\n<p>The post <a rel=\"nofollow\" href=\"http:\/\/www.mapmarrakech.ma\/fr\/previsions-meteorologiques-pour-la-journee-du-lundi-09-aout\/\">Pr\u00e9visions m\u00e9t\u00e9orologiques pour la journ\u00e9e du lundi 09 ao\u00fbt<\/a> appeared first on <a rel=\"nofollow\" href=\"http:\/\/www.mapmarrakech.ma\/fr\">MapMarrakech<\/a>.<\/p>\n<\/div>\n<p>Auteur: Meriem IGASS<br \/>\n<a href=\"http:\/\/www.mapmarrakech.ma\/fr\/previsions-meteorologiques-pour-la-journee-du-lundi-09-aout\/\">Cliquez ici pour lire l&rsquo;article depuis sa source.<\/a><\/p>\n","protected":false},"excerpt":{"rendered":"<p>\u2013 Temps assez chaud sur le Sud-Est et l\u2019Oriental. \u2013 Formations brumeuses locales sur les c\u00f4tes Nord et Centre la nuit et la matin\u00e9e. \u2013 Temps stable et clair \u00e0 peu nuageux le jour. \u2013 Chasse-sables sur le Sud-Est, le Sud de l\u2019Oriental et l\u2019int\u00e9rieur des provinces Sud. \u2013 Vent mod\u00e9r\u00e9 \u00e0 assez fort de [&hellip;]<\/p>\n","protected":false},"author":1788,"featured_media":0,"comment_status":"closed","ping_status":"closed","sticky":false,"template":"","format":"standard","meta":{"fifu_image_url":"http:\/\/www.mapmarrakech.ma\/map\/uploads\/2021\/08\/soleil-2.jpg","fifu_image_alt":"Pr\u00e9visions m\u00e9t\u00e9orologiques pour la journ\u00e9e du lundi 09 ao\u00fbt","footnotes":""},"categories":[54,76],"tags":[],"class_list":["post-123582","post","type-post","status-publish","format-standard","hentry","category-maroc","category-regions"],"_links":{"self":[{"href":"https:\/\/linitiative.ca\/International\/wp-json\/wp\/v2\/posts\/123582","targetHints":{"allow":["GET"]}}],"collection":[{"href":"https:\/\/linitiative.ca\/International\/wp-json\/wp\/v2\/posts"}],"about":[{"href":"https:\/\/linitiative.ca\/International\/wp-json\/wp\/v2\/types\/post"}],"author":[{"embeddable":true,"href":"https:\/\/linitiative.ca\/International\/wp-json\/wp\/v2\/users\/1788"}],"replies":[{"embeddable":true,"href":"https:\/\/linitiative.ca\/International\/wp-json\/wp\/v2\/comments?post=123582"}],"version-history":[{"count":0,"href":"https:\/\/linitiative.ca\/International\/wp-json\/wp\/v2\/posts\/123582\/revisions"}],"wp:attachment":[{"href":"https:\/\/linitiative.ca\/International\/wp-json\/wp\/v2\/media?parent=123582"}],"wp:term":[{"taxonomy":"category","embeddable":true,"href":"https:\/\/linitiative.ca\/International\/wp-json\/wp\/v2\/categories?post=123582"},{"taxonomy":"post_tag","embeddable":true,"href":"https:\/\/linitiative.ca\/International\/wp-json\/wp\/v2\/tags?post=123582"}],"curies":[{"name":"wp","href":"https:\/\/api.w.org\/{rel}","templated":true}]}}