{"id":123586,"date":"2021-08-08T11:08:03","date_gmt":"2021-08-08T15:08:03","guid":{"rendered":"https:\/\/linitiative.ca\/International\/les-etudiants-appeles-a-se-faire-vacciner-a-partir-du-9-aout\/"},"modified":"2021-08-08T11:08:03","modified_gmt":"2021-08-08T15:08:03","slug":"les-etudiants-appeles-a-se-faire-vacciner-a-partir-du-9-aout","status":"publish","type":"post","link":"https:\/\/linitiative.ca\/International\/les-etudiants-appeles-a-se-faire-vacciner-a-partir-du-9-aout\/","title":{"rendered":"Les \u00e9tudiants appel\u00e9s \u00e0 se faire vacciner \u00e0 partir du 9 ao\u00fbt"},"content":{"rendered":"<div>\n<div style=\"margin-bottom:20px;\"><img loading=\"lazy\" decoding=\"async\" width=\"750\" height=\"430\" src=\"https:\/\/linitiative.ca\/International\/wp-content\/uploads\/sites\/23\/2021\/08\/vaccin-1-copier.jpg\" class=\"attachment-post-thumbnail size-post-thumbnail wp-post-image\" alt=\"\" srcset=\"https:\/\/linitiative.ca\/International\/wp-content\/uploads\/sites\/23\/2021\/08\/vaccin-1-copier.jpg 750w, http:\/\/www.mapmarrakech.ma\/map\/uploads\/2021\/08\/vaccin-1-copier-300x172.jpg 300w\" sizes=\"auto, (max-width: 750px) 100vw, 750px\"><\/div>\n<p>\u00ab\u00a0Suite \u00e0 l\u2019annonce par le d\u00e9partement de la Sant\u00e9 de l\u2019\u00e9largissement de la vaccination \u00e0 la cat\u00e9gorie d\u2019\u00e2ge de 20 ans et plus et afin que la prochaine rentr\u00e9e universitaire puisse se d\u00e9rouler dans des conditions optimales de s\u00e9curit\u00e9 pour tous, le minist\u00e8re appelle tous les \u00e9tudiants et stagiaires de la formation professionnelle concern\u00e9s \u00e0 se rendre, \u00e0 partir de lundi, au centre de vaccination le plus proche pour b\u00e9n\u00e9ficier de la premi\u00e8re dose sans condition li\u00e9e au lieu de r\u00e9sidence\u00a0\u00bb, a-t-il indiqu\u00e9 dans un communiqu\u00e9.<\/p>\n<p>Le minist\u00e8re exhorte, en outre, les \u00e9tudiants et les cadres p\u00e9dagogiques et administratifs \u00e0 continuer \u00e0 se conformer aux mesures de pr\u00e9vention mises en place par les autorit\u00e9s sanitaires, afin de contribuer \u00e0 la mobilisation collective pour endiguer la propagation de la pand\u00e9mie de Covid-19.<\/p>\n<p>The post <a rel=\"nofollow\" href=\"http:\/\/www.mapmarrakech.ma\/fr\/les-etudiants-20-ans-et-plus-appeles-a-se-faire-vacciner-a-partir-du-9-aout\/\">Les \u00e9tudiants appel\u00e9s \u00e0 se faire vacciner \u00e0 partir du 9 ao\u00fbt<\/a> appeared first on <a rel=\"nofollow\" href=\"http:\/\/www.mapmarrakech.ma\/fr\">MapMarrakech<\/a>.<\/p>\n<\/div>\n<p>Auteur: Meriem IGASS<br \/>\n<a href=\"http:\/\/www.mapmarrakech.ma\/fr\/les-etudiants-20-ans-et-plus-appeles-a-se-faire-vacciner-a-partir-du-9-aout\/\">Cliquez ici pour lire l&rsquo;article depuis sa source.<\/a><\/p>\n","protected":false},"excerpt":{"rendered":"<p>\u00ab\u00a0Suite \u00e0 l\u2019annonce par le d\u00e9partement de la Sant\u00e9 de l\u2019\u00e9largissement de la vaccination \u00e0 la cat\u00e9gorie d\u2019\u00e2ge de 20 ans et plus et afin que la prochaine rentr\u00e9e universitaire puisse se d\u00e9rouler dans des conditions optimales de s\u00e9curit\u00e9 pour tous, le minist\u00e8re appelle tous les \u00e9tudiants et stagiaires de la formation professionnelle concern\u00e9s \u00e0 [&hellip;]<\/p>\n","protected":false},"author":1788,"featured_media":0,"comment_status":"closed","ping_status":"closed","sticky":false,"template":"","format":"standard","meta":{"fifu_image_url":"http:\/\/www.mapmarrakech.ma\/map\/uploads\/2021\/08\/vaccin-1-copier.jpg","fifu_image_alt":"Les \u00e9tudiants appel\u00e9s \u00e0 se faire vacciner \u00e0 partir du 9 ao\u00fbt","footnotes":""},"categories":[54,76],"tags":[],"class_list":["post-123586","post","type-post","status-publish","format-standard","hentry","category-maroc","category-regions"],"_links":{"self":[{"href":"https:\/\/linitiative.ca\/International\/wp-json\/wp\/v2\/posts\/123586","targetHints":{"allow":["GET"]}}],"collection":[{"href":"https:\/\/linitiative.ca\/International\/wp-json\/wp\/v2\/posts"}],"about":[{"href":"https:\/\/linitiative.ca\/International\/wp-json\/wp\/v2\/types\/post"}],"author":[{"embeddable":true,"href":"https:\/\/linitiative.ca\/International\/wp-json\/wp\/v2\/users\/1788"}],"replies":[{"embeddable":true,"href":"https:\/\/linitiative.ca\/International\/wp-json\/wp\/v2\/comments?post=123586"}],"version-history":[{"count":0,"href":"https:\/\/linitiative.ca\/International\/wp-json\/wp\/v2\/posts\/123586\/revisions"}],"wp:attachment":[{"href":"https:\/\/linitiative.ca\/International\/wp-json\/wp\/v2\/media?parent=123586"}],"wp:term":[{"taxonomy":"category","embeddable":true,"href":"https:\/\/linitiative.ca\/International\/wp-json\/wp\/v2\/categories?post=123586"},{"taxonomy":"post_tag","embeddable":true,"href":"https:\/\/linitiative.ca\/International\/wp-json\/wp\/v2\/tags?post=123586"}],"curies":[{"name":"wp","href":"https:\/\/api.w.org\/{rel}","templated":true}]}}