{"id":123588,"date":"2021-08-08T13:50:15","date_gmt":"2021-08-08T17:50:15","guid":{"rendered":"https:\/\/linitiative.ca\/International\/azzedine-nouiri-lathlete-qui-aspire-a-conserver-son-titre\/"},"modified":"2021-08-08T13:50:15","modified_gmt":"2021-08-08T17:50:15","slug":"azzedine-nouiri-lathlete-qui-aspire-a-conserver-son-titre","status":"publish","type":"post","link":"https:\/\/linitiative.ca\/International\/azzedine-nouiri-lathlete-qui-aspire-a-conserver-son-titre\/","title":{"rendered":"Azzedine Nouiri, l\u2019athl\u00e8te qui aspire \u00e0 conserver son titre"},"content":{"rendered":"<div>\n<div style=\"margin-bottom:20px;\"><img loading=\"lazy\" decoding=\"async\" width=\"750\" height=\"430\" src=\"https:\/\/linitiative.ca\/International\/wp-content\/uploads\/sites\/23\/2021\/08\/azzedine-nouiri-copier.jpg\" class=\"attachment-post-thumbnail size-post-thumbnail wp-post-image\" alt=\"\" srcset=\"https:\/\/linitiative.ca\/International\/wp-content\/uploads\/sites\/23\/2021\/08\/azzedine-nouiri-copier.jpg 750w, http:\/\/www.mapmarrakech.ma\/map\/uploads\/2021\/08\/azzedine-nouiri-copier-300x172.jpg 300w\" sizes=\"auto, (max-width: 750px) 100vw, 750px\"><\/div>\n<p>A 35 ans, cet athl\u00e8te, soci\u00e9taire de l\u2019Olympique Club de Safi (OCS) pour personnes en situation de handicap, a toujours cette mentalit\u00e9 de vainqueur et est toujours avide de gloire et des grandes performances.<\/p>\n<p>Ce champion marocain, d\u00e9tenteur du titre paralympique des \u00e9ditions de Londres et de Rio de Janeiro dans l\u2019\u00e9preuve du lancer de poids, reconnait toutefois que cet objectif ne sera pas chose ais\u00e9e d\u2019autant plus que tous les athl\u00e8tes se pr\u00e9parent \u00e0 ce rendez-vous plan\u00e9taire, qui b\u00e9n\u00e9ficie d\u00e9sormais d\u2019un grand int\u00e9r\u00eat de la part de tous les pays.<\/p>\n<p>\u00ab\u00a0La concurrence sera rude face \u00e0 des athl\u00e8tes professionnels de haut niveau qui s\u2019entrainent \u00e0 longueur d\u2019ann\u00e9e\u00a0\u00bb, a-t-il confi\u00e9 \u00e0 la MAP.<\/p>\n<p>En d\u00e9pit de la conjoncture exceptionnelle induite par la pand\u00e9mie du nouveau coronavirus (Covid-19) et ses lourdes r\u00e9percussions qui ont entrain\u00e9 l\u2019arr\u00eat de la majorit\u00e9 des manifestations et comp\u00e9titions sportives nationales et internationales, Azzedine Nouiri poursuit sa pr\u00e9paration pour cette manifestation plan\u00e9taire.<\/p>\n<p>A moins de 20 jours de cet \u00e9v\u00e9nement sportif majeur, cet athl\u00e8te reste concentr\u00e9 \u00e0 100 % sur ses objectifs sportifs. Ainsi, il\u00a0a intensifi\u00e9 ses entrainements m\u00eame si cette p\u00e9riode a co\u00efncid\u00e9 avec la f\u00eate de l\u2019Aid Al Adha et les vacances estivales.<\/p>\n<p>Dans ce contexte, l\u2019athl\u00e8te avoue que les sacrifices sont n\u00e9cessaires dans la carri\u00e8re d\u2019un champion s\u2019il veut r\u00e9aliser de grandes performances dans des manifestations d\u2019une telle envergure.<\/p>\n<p>Stages r\u00e9guliers, d\u00e9placements fr\u00e9quents, absences prolong\u00e9es de la famille sont le lot des sportifs de haut niveau, car les grandes performances et la gloire ont un prix, a-t-il estim\u00e9.<\/p>\n<p>\u00ab\u00a0Mais une fois sur le podium, notamment lorsqu\u2019on entend r\u00e9sonner l\u2019hymne national dans les ar\u00e8nes sportives, on oublie toutes les souffrances endur\u00e9es\u00a0\u00bb, a-t-il confi\u00e9 \u00e0 la MAP.<\/p>\n<p>Concernant les contraintes relatives aux sports des personnes \u00e0 besoins sp\u00e9cifiques, Azzedine Nouiri a \u00e9voqu\u00e9 celles li\u00e9es \u00e0 l\u2019insuffisance des espaces d\u2019entrainement d\u00e9di\u00e9s \u00e0 cette cat\u00e9gorie de sportifs, ainsi que la raret\u00e9 des stages de concentration en raison du manque de ressources financi\u00e8res.<\/p>\n<p>L\u2019athl\u00e8te s\u2019est r\u00e9joui que les performances des personnes \u00e0 besoins sp\u00e9cifiques b\u00e9n\u00e9ficient d\u00e9sormais d\u2019un grand int\u00e9r\u00eat de la part des responsables, des m\u00e9dias et des citoyens marocains.<\/p>\n<p>L\u2019accueil chaleureux qui lui a \u00e9t\u00e9 r\u00e9serv\u00e9, \u00e0 son retour au Maroc et \u00e0 Safi, apr\u00e8s avoir enregistr\u00e9 son nom en lettres d\u2019or aux Jeux paralympiques de Londres et de Rio de Janeiro restera grav\u00e9 \u00e0 jamais dans sa m\u00e9moire.<\/p>\n<p>Cet athl\u00e8te s\u2019est dit fier aussi de l\u2019accueil qui lui a \u00e9t\u00e9 r\u00e9serv\u00e9 r\u00e9cemment par les autorit\u00e9s provinciales de Safi, lui et l\u2019athl\u00e8te Abdelhadi Harti avant leur d\u00e9part pr\u00e9vu le 18 de ce mois pour la capitale japonaise o\u00f9 ils participeront aux Jeux paralympiques.<\/p>\n<p>Pour ce champion, le travail et la pers\u00e9v\u00e9rance sont les secrets de la r\u00e9ussite, de la gloire et des performances.<\/p>\n<p>\u00ab\u00a0Une m\u00e9daille d\u2019or paralympique n\u2019est jamais l\u2019\u0153uvre d\u2019un instant, ni le fruit du hasard. C\u2019est le r\u00e9sultat d\u2019un travail de longue haleine et d\u2019un programme de pr\u00e9paration qui s\u2019\u00e9tale sur plusieurs ann\u00e9es\u00a0\u00bb, a-t-il expliqu\u00e9.<\/p>\n<p>Athl\u00e8te sp\u00e9cialiste du lancer du poids, Azzedine Nouiri est aussi connu pour son engagement et son militantisme en faveur de l\u2019am\u00e9lioration de la situation des sportifs aux besoins sp\u00e9cifiques.<\/p>\n<p>D\u2019ailleurs en 2019, un film documentaire paru sous le titre \u00ab\u00a0We could be heroes\u00a0\u00bb, de la r\u00e9alisatrice maroco-britannique Hind Bensari, a \u00e9t\u00e9 consacr\u00e9 \u00e0 son combat.<\/p>\n<p>A rappeler que 4 athl\u00e8tes safiots sont qualifi\u00e9s pour les Jeux paralympiques, pr\u00e9vus \u00e0 Tokyo cet \u00e9t\u00e9.<\/p>\n<p>Il s\u2019agit en plus de Azzedine Nouiri, d\u00e9tenteur de la m\u00e9daille d\u2019or des Jeux paralympiques de Londres et de Rio de Janeiro dans l\u2019\u00e9preuve du lancer de poids, de l\u2019athl\u00e8te Abdelhadi Harti (Marathon), de la championne Saida Amoudi (lancer du poids), en plus de Halima El Mtakham (powerlifting).<\/p>\n<p>The post <a rel=\"nofollow\" href=\"http:\/\/www.mapmarrakech.ma\/fr\/azzedine-nouiri-lathlete-qui-aspire-a-conserver-son-titre-paralympique\/\">Azzedine Nouiri, l\u2019athl\u00e8te qui aspire \u00e0 conserver son titre<\/a> appeared first on <a rel=\"nofollow\" href=\"http:\/\/www.mapmarrakech.ma\/fr\">MapMarrakech<\/a>.<\/p>\n<\/div>\n<p>Auteur: Meriem IGASS<br \/>\n<a href=\"http:\/\/www.mapmarrakech.ma\/fr\/azzedine-nouiri-lathlete-qui-aspire-a-conserver-son-titre-paralympique\/\">Cliquez ici pour lire l&rsquo;article depuis sa source.<\/a><\/p>\n","protected":false},"excerpt":{"rendered":"<p>A 35 ans, cet athl\u00e8te, soci\u00e9taire de l\u2019Olympique Club de Safi (OCS) pour personnes en situation de handicap, a toujours cette mentalit\u00e9 de vainqueur et est toujours avide de gloire et des grandes performances. Ce champion marocain, d\u00e9tenteur du titre paralympique des \u00e9ditions de Londres et de Rio de Janeiro dans l\u2019\u00e9preuve du lancer de [&hellip;]<\/p>\n","protected":false},"author":1788,"featured_media":0,"comment_status":"closed","ping_status":"closed","sticky":false,"template":"","format":"standard","meta":{"fifu_image_url":"http:\/\/www.mapmarrakech.ma\/map\/uploads\/2021\/08\/azzedine-nouiri-copier.jpg","fifu_image_alt":"Azzedine Nouiri, l\u2019athl\u00e8te qui aspire \u00e0 conserver son titre","footnotes":""},"categories":[54,76],"tags":[],"class_list":["post-123588","post","type-post","status-publish","format-standard","hentry","category-maroc","category-regions"],"_links":{"self":[{"href":"https:\/\/linitiative.ca\/International\/wp-json\/wp\/v2\/posts\/123588","targetHints":{"allow":["GET"]}}],"collection":[{"href":"https:\/\/linitiative.ca\/International\/wp-json\/wp\/v2\/posts"}],"about":[{"href":"https:\/\/linitiative.ca\/International\/wp-json\/wp\/v2\/types\/post"}],"author":[{"embeddable":true,"href":"https:\/\/linitiative.ca\/International\/wp-json\/wp\/v2\/users\/1788"}],"replies":[{"embeddable":true,"href":"https:\/\/linitiative.ca\/International\/wp-json\/wp\/v2\/comments?post=123588"}],"version-history":[{"count":0,"href":"https:\/\/linitiative.ca\/International\/wp-json\/wp\/v2\/posts\/123588\/revisions"}],"wp:attachment":[{"href":"https:\/\/linitiative.ca\/International\/wp-json\/wp\/v2\/media?parent=123588"}],"wp:term":[{"taxonomy":"category","embeddable":true,"href":"https:\/\/linitiative.ca\/International\/wp-json\/wp\/v2\/categories?post=123588"},{"taxonomy":"post_tag","embeddable":true,"href":"https:\/\/linitiative.ca\/International\/wp-json\/wp\/v2\/tags?post=123588"}],"curies":[{"name":"wp","href":"https:\/\/api.w.org\/{rel}","templated":true}]}}