{"id":123590,"date":"2021-08-08T14:18:28","date_gmt":"2021-08-08T18:18:28","guid":{"rendered":"https:\/\/linitiative.ca\/International\/8-990-cas-plus-de-109-millions-de-personnes-completement-vaccinees\/"},"modified":"2021-08-08T14:18:28","modified_gmt":"2021-08-08T18:18:28","slug":"8-990-cas-plus-de-109-millions-de-personnes-completement-vaccinees","status":"publish","type":"post","link":"https:\/\/linitiative.ca\/International\/8-990-cas-plus-de-109-millions-de-personnes-completement-vaccinees\/","title":{"rendered":"8.990 cas, plus de 10,9 millions de personnes compl\u00e8tement vaccin\u00e9es"},"content":{"rendered":"<div>\n<div style=\"margin-bottom:20px;\"><img loading=\"lazy\" decoding=\"async\" width=\"750\" height=\"430\" src=\"https:\/\/linitiative.ca\/International\/wp-content\/uploads\/sites\/23\/2021\/08\/covid-fr-2.jpg\" class=\"attachment-post-thumbnail size-post-thumbnail wp-post-image\" alt=\"\" srcset=\"https:\/\/linitiative.ca\/International\/wp-content\/uploads\/sites\/23\/2021\/08\/covid-fr-2.jpg 750w, http:\/\/www.mapmarrakech.ma\/map\/uploads\/2021\/08\/covid-fr-2-300x172.jpg 300w\" sizes=\"auto, (max-width: 750px) 100vw, 750px\"><\/div>\n<p>Le nombre de primo-vaccin\u00e9s est de 15.065.672, alors que celui des personnes compl\u00e8tement vaccin\u00e9es (1\u00e8re et 2\u00e8me doses) s\u2019\u00e9l\u00e8ve \u00e0 10.903.123, a pr\u00e9cis\u00e9 le minist\u00e8re dans son bulletin quotidien sur la situation de Covid-19.<\/p>\n<p>Le nouveau bilan porte \u00e0 696.282 le nombre total des contaminations depuis le premier cas signal\u00e9 au Maroc en mars 2020. Le nombre des personnes r\u00e9tablies est pass\u00e9 \u00e0 612.390, soit un taux de gu\u00e9rison de 88%.<\/p>\n<p>Les nouvelles contaminations ont \u00e9t\u00e9 recens\u00e9es dans les r\u00e9gions de Casablanca-Settat (2.334), Rabat-Sal\u00e9-Kenitra (1.508), Marrakech-Safi (1.243), Souss-Massa (1.223), Tanger-T\u00e9touan-Al Hoceima (657), l\u2019Oriental (481), Beni Mellal-Kh\u00e9nifra (412), Dr\u00e2a-Tafilalet (398), Guelmim-Oued Noun (286), F\u00e8s-Mekn\u00e8s (226), La\u00e2youne-Sakia El Hamra (113) et Dakhla-Oued Eddahab (109).<\/p>\n<p>Quant aux d\u00e9c\u00e8s, leur nombre total est pass\u00e9 \u00e0 10.335 (l\u00e9talit\u00e9 1,5%), avec 80 nouveaux cas enregistr\u00e9s dans les r\u00e9gions de Casablanca-Settat (19), Rabat-Sal\u00e9-Kenitra (04), Marrakech-Safi (13), Souss-Massa (14), Tanger-T\u00e9touan-Al Hoceima (06), l\u2019Oriental (1), Beni Mellal-Kh\u00e9nifra (10), Dr\u00e2a-Tafilalet (07), Guelmim-Oued Noun (01), F\u00e8s-Mekn\u00e8s (03) et La\u00e2youne-Sakia El Hamra (02).<\/p>\n<p>Les cas actifs sont au nombre de 73.557, tandis que les cas s\u00e9v\u00e8res ou critiques ont atteint 1.600, dont 39 intub\u00e9s.<\/p>\n<p>The post <a rel=\"nofollow\" href=\"http:\/\/www.mapmarrakech.ma\/fr\/8-990-cas-plus-de-109-millions-de-personnes-completement-vaccinees\/\">8.990 cas, plus de 10,9 millions de personnes compl\u00e8tement vaccin\u00e9es<\/a> appeared first on <a rel=\"nofollow\" href=\"http:\/\/www.mapmarrakech.ma\/fr\">MapMarrakech<\/a>.<\/p>\n<\/div>\n<p>Auteur: Meriem IGASS<br \/>\n<a href=\"http:\/\/www.mapmarrakech.ma\/fr\/8-990-cas-plus-de-109-millions-de-personnes-completement-vaccinees\/\">Cliquez ici pour lire l&rsquo;article depuis sa source.<\/a><\/p>\n","protected":false},"excerpt":{"rendered":"<p>Le nombre de primo-vaccin\u00e9s est de 15.065.672, alors que celui des personnes compl\u00e8tement vaccin\u00e9es (1\u00e8re et 2\u00e8me doses) s\u2019\u00e9l\u00e8ve \u00e0 10.903.123, a pr\u00e9cis\u00e9 le minist\u00e8re dans son bulletin quotidien sur la situation de Covid-19. Le nouveau bilan porte \u00e0 696.282 le nombre total des contaminations depuis le premier cas signal\u00e9 au Maroc en mars 2020. [&hellip;]<\/p>\n","protected":false},"author":1788,"featured_media":0,"comment_status":"closed","ping_status":"closed","sticky":false,"template":"","format":"standard","meta":{"fifu_image_url":"http:\/\/www.mapmarrakech.ma\/map\/uploads\/2021\/08\/covid-fr-2.jpg","fifu_image_alt":"8.990 cas, plus de 10,9 millions de personnes compl\u00e8tement vaccin\u00e9es","footnotes":""},"categories":[54,76],"tags":[],"class_list":["post-123590","post","type-post","status-publish","format-standard","hentry","category-maroc","category-regions"],"_links":{"self":[{"href":"https:\/\/linitiative.ca\/International\/wp-json\/wp\/v2\/posts\/123590","targetHints":{"allow":["GET"]}}],"collection":[{"href":"https:\/\/linitiative.ca\/International\/wp-json\/wp\/v2\/posts"}],"about":[{"href":"https:\/\/linitiative.ca\/International\/wp-json\/wp\/v2\/types\/post"}],"author":[{"embeddable":true,"href":"https:\/\/linitiative.ca\/International\/wp-json\/wp\/v2\/users\/1788"}],"replies":[{"embeddable":true,"href":"https:\/\/linitiative.ca\/International\/wp-json\/wp\/v2\/comments?post=123590"}],"version-history":[{"count":0,"href":"https:\/\/linitiative.ca\/International\/wp-json\/wp\/v2\/posts\/123590\/revisions"}],"wp:attachment":[{"href":"https:\/\/linitiative.ca\/International\/wp-json\/wp\/v2\/media?parent=123590"}],"wp:term":[{"taxonomy":"category","embeddable":true,"href":"https:\/\/linitiative.ca\/International\/wp-json\/wp\/v2\/categories?post=123590"},{"taxonomy":"post_tag","embeddable":true,"href":"https:\/\/linitiative.ca\/International\/wp-json\/wp\/v2\/tags?post=123590"}],"curies":[{"name":"wp","href":"https:\/\/api.w.org\/{rel}","templated":true}]}}