{"id":123593,"date":"2021-08-08T05:07:06","date_gmt":"2021-08-08T09:07:06","guid":{"rendered":"https:\/\/linitiative.ca\/International\/le-dirham-sapprecie-legerement-face-au-dollar\/"},"modified":"2021-08-08T05:07:06","modified_gmt":"2021-08-08T09:07:06","slug":"le-dirham-sapprecie-legerement-face-au-dollar","status":"publish","type":"post","link":"https:\/\/linitiative.ca\/International\/le-dirham-sapprecie-legerement-face-au-dollar\/","title":{"rendered":"Le dirham s&rsquo;appr\u00e9cie l\u00e9g\u00e8rement face au dollar"},"content":{"rendered":"<div>\n<div class=\"field field-name-body field-type-text-with-summary field-label-hidden\">\n<div class=\"field-items\">\n<div class=\"field-item even\" property=\"content:encoded\">\n<p class=\"rtejustify\">Le dirham s&rsquo;est appr\u00e9ci\u00e9 de 0,28% face au dollar am\u00e9ricain et s&rsquo;est d\u00e9pr\u00e9ci\u00e9 de 0,16% vis-\u00e0-vis de l&rsquo;euro, durant la p\u00e9riode allant du 29 juillet au 04 ao\u00fbt 2021, indique Bank Al-Maghrib (BAM). Au 29 juillet dernier, l\u2019encours des avoirs officiels de r\u00e9serve de BAM s\u2019est \u00e9tabli \u00e0 300,9 milliards de DH, en l\u00e9g\u00e8re baisse d&rsquo;une semaine \u00e0 l\u2019autre (-0,1%), et en hausse de 3,1% en glissement annuel, pr\u00e9cise la banque centrale.<\/p>\n<\/div>\n<\/div>\n<\/div>\n<\/div>\n<p>Auteur: hgueye<br \/>\n<a href=\"https:\/\/www.leconomiste.com\/flash-infos\/le-dirham-s-apprecie-legerement-face-au-dollar\">Cliquez ici pour lire l&rsquo;article depuis sa source.<\/a><\/p>\n","protected":false},"excerpt":{"rendered":"<p>Le dirham s&rsquo;est appr\u00e9ci\u00e9 de 0,28% face au dollar am\u00e9ricain et s&rsquo;est d\u00e9pr\u00e9ci\u00e9 de 0,16% vis-\u00e0-vis de l&rsquo;euro, durant la p\u00e9riode allant du 29 juillet au 04 ao\u00fbt 2021, indique Bank Al-Maghrib (BAM). Au 29 juillet dernier, l\u2019encours des avoirs officiels de r\u00e9serve de BAM s\u2019est \u00e9tabli \u00e0 300,9 milliards de DH, en l\u00e9g\u00e8re baisse [&hellip;]<\/p>\n","protected":false},"author":1763,"featured_media":0,"comment_status":"closed","ping_status":"closed","sticky":false,"template":"","format":"standard","meta":{"fifu_image_url":"","fifu_image_alt":"","footnotes":""},"categories":[78,54],"tags":[],"class_list":["post-123593","post","type-post","status-publish","format-standard","hentry","category-economie","category-maroc"],"_links":{"self":[{"href":"https:\/\/linitiative.ca\/International\/wp-json\/wp\/v2\/posts\/123593","targetHints":{"allow":["GET"]}}],"collection":[{"href":"https:\/\/linitiative.ca\/International\/wp-json\/wp\/v2\/posts"}],"about":[{"href":"https:\/\/linitiative.ca\/International\/wp-json\/wp\/v2\/types\/post"}],"author":[{"embeddable":true,"href":"https:\/\/linitiative.ca\/International\/wp-json\/wp\/v2\/users\/1763"}],"replies":[{"embeddable":true,"href":"https:\/\/linitiative.ca\/International\/wp-json\/wp\/v2\/comments?post=123593"}],"version-history":[{"count":0,"href":"https:\/\/linitiative.ca\/International\/wp-json\/wp\/v2\/posts\/123593\/revisions"}],"wp:attachment":[{"href":"https:\/\/linitiative.ca\/International\/wp-json\/wp\/v2\/media?parent=123593"}],"wp:term":[{"taxonomy":"category","embeddable":true,"href":"https:\/\/linitiative.ca\/International\/wp-json\/wp\/v2\/categories?post=123593"},{"taxonomy":"post_tag","embeddable":true,"href":"https:\/\/linitiative.ca\/International\/wp-json\/wp\/v2\/tags?post=123593"}],"curies":[{"name":"wp","href":"https:\/\/api.w.org\/{rel}","templated":true}]}}