{"id":123594,"date":"2021-08-08T07:42:44","date_gmt":"2021-08-08T11:42:44","guid":{"rendered":"https:\/\/linitiative.ca\/International\/delimitation-du-domaine-forestier-la-situation-definitivement-reglee-a-khenifra\/"},"modified":"2021-08-08T07:42:44","modified_gmt":"2021-08-08T11:42:44","slug":"delimitation-du-domaine-forestier-la-situation-definitivement-reglee-a-khenifra","status":"publish","type":"post","link":"https:\/\/linitiative.ca\/International\/delimitation-du-domaine-forestier-la-situation-definitivement-reglee-a-khenifra\/","title":{"rendered":"D\u00e9limitation du domaine forestier: La situation \u00ab\u00a0d\u00e9finitivement r\u00e9gl\u00e9e\u00a0\u00bb \u00e0 Kh\u00e9nifra"},"content":{"rendered":"<div>\n<div class=\"field field-name-body field-type-text-with-summary field-label-hidden\">\n<div class=\"field-items\">\n<div class=\"field-item even\" property=\"content:encoded\">\n<p class=\"rtejustify\">La d\u00e9limitation du domaine foncier est \u00ab\u00a0d\u00e9finitivement r\u00e9gl\u00e9e\u00a0\u00bb \u00e0 Kh\u00e9nifra, annonce le minist\u00e8re de l&rsquo;Agriculture,\u00a0de la P\u00eache Maritime, du D\u00e9veloppement rural et des Eaux et For\u00eats. Le d\u00e9partement affirme que la\u00a0situation fonci\u00e8re des immeubles forestiers et des terrains priv\u00e9s avoisinants a \u00e9t\u00e9 d\u00e9finitivement r\u00e9gl\u00e9e selon la nouvelle approche pr\u00f4n\u00e9e par la strat\u00e9gie \u00ab\u00a0For\u00eats du Maroc 2020-2030\u00a0\u00bb.<\/p>\n<\/div>\n<\/div>\n<\/div>\n<\/div>\n<p>Auteur: hgueye<br \/>\n<a href=\"https:\/\/www.leconomiste.com\/flash-infos\/delimitation-du-domaine-forestier-la-situation-definitivement-reglee-khenifra\">Cliquez ici pour lire l&rsquo;article depuis sa source.<\/a><\/p>\n","protected":false},"excerpt":{"rendered":"<p>La d\u00e9limitation du domaine foncier est \u00ab\u00a0d\u00e9finitivement r\u00e9gl\u00e9e\u00a0\u00bb \u00e0 Kh\u00e9nifra, annonce le minist\u00e8re de l&rsquo;Agriculture,\u00a0de la P\u00eache Maritime, du D\u00e9veloppement rural et des Eaux et For\u00eats. Le d\u00e9partement affirme que la\u00a0situation fonci\u00e8re des immeubles forestiers et des terrains priv\u00e9s avoisinants a \u00e9t\u00e9 d\u00e9finitivement r\u00e9gl\u00e9e selon la nouvelle approche pr\u00f4n\u00e9e par la strat\u00e9gie \u00ab\u00a0For\u00eats du Maroc [&hellip;]<\/p>\n","protected":false},"author":1763,"featured_media":0,"comment_status":"closed","ping_status":"closed","sticky":false,"template":"","format":"standard","meta":{"fifu_image_url":"","fifu_image_alt":"","footnotes":""},"categories":[78,54],"tags":[],"class_list":["post-123594","post","type-post","status-publish","format-standard","hentry","category-economie","category-maroc"],"_links":{"self":[{"href":"https:\/\/linitiative.ca\/International\/wp-json\/wp\/v2\/posts\/123594","targetHints":{"allow":["GET"]}}],"collection":[{"href":"https:\/\/linitiative.ca\/International\/wp-json\/wp\/v2\/posts"}],"about":[{"href":"https:\/\/linitiative.ca\/International\/wp-json\/wp\/v2\/types\/post"}],"author":[{"embeddable":true,"href":"https:\/\/linitiative.ca\/International\/wp-json\/wp\/v2\/users\/1763"}],"replies":[{"embeddable":true,"href":"https:\/\/linitiative.ca\/International\/wp-json\/wp\/v2\/comments?post=123594"}],"version-history":[{"count":0,"href":"https:\/\/linitiative.ca\/International\/wp-json\/wp\/v2\/posts\/123594\/revisions"}],"wp:attachment":[{"href":"https:\/\/linitiative.ca\/International\/wp-json\/wp\/v2\/media?parent=123594"}],"wp:term":[{"taxonomy":"category","embeddable":true,"href":"https:\/\/linitiative.ca\/International\/wp-json\/wp\/v2\/categories?post=123594"},{"taxonomy":"post_tag","embeddable":true,"href":"https:\/\/linitiative.ca\/International\/wp-json\/wp\/v2\/tags?post=123594"}],"curies":[{"name":"wp","href":"https:\/\/api.w.org\/{rel}","templated":true}]}}