{"id":123596,"date":"2021-08-08T12:42:37","date_gmt":"2021-08-08T16:42:37","guid":{"rendered":"https:\/\/linitiative.ca\/International\/sahara-le-kenya-appele-a-soutenir-le-plan-dautonomie-presente-par-le-maroc\/"},"modified":"2021-08-08T12:42:37","modified_gmt":"2021-08-08T16:42:37","slug":"sahara-le-kenya-appele-a-soutenir-le-plan-dautonomie-presente-par-le-maroc","status":"publish","type":"post","link":"https:\/\/linitiative.ca\/International\/sahara-le-kenya-appele-a-soutenir-le-plan-dautonomie-presente-par-le-maroc\/","title":{"rendered":"Sahara: Le Kenya appel\u00e9 \u00e0 soutenir le plan d&rsquo;autonomie pr\u00e9sent\u00e9 par le Maroc"},"content":{"rendered":"<div>\n<div class=\"field field-name-body field-type-text-with-summary field-label-hidden\">\n<div class=\"field-items\">\n<div class=\"field-item even\" property=\"content:encoded\">\n<p class=\"rtejustify\">L&rsquo;ambassadeur du Maroc au Kenya, El Mokhtar Ghambou, a appel\u00e9 Nairobi \u00e0 soutenir le plan d&rsquo;autonomie pr\u00e9sent\u00e9 par le Maroc pour trouver une solution au conflit artificiel autour de la question du Sahara marocain.<\/p>\n<p class=\"rtejustify\">\u00ab\u00a0Je fais appel au gouvernement kenyan, qui si\u00e8ge actuellement au Conseil de S\u00e9curit\u00e9 comme membre non-permanent, pour soutenir notre plan d&rsquo;autonomie du Sahara sous souverainet\u00e9 marocaine\u00a0\u00bb, a d\u00e9clar\u00e9 le diplomate marocain qui \u00e9tait, ce weekend, l\u2019invit\u00e9 de l\u2019\u00e9mission k\u00e9nyane \u00ab\u00a0My Story\u00a0\u00bb sur la cha\u00eene KTN.<\/p>\n<\/div>\n<\/div>\n<\/div>\n<\/div>\n<p>Auteur: hgueye<br \/>\n<a href=\"https:\/\/www.leconomiste.com\/flash-infos\/sahara-le-kenya-appele-soutenir-le-plan-d-autonomie-presente-par-le-maroc\">Cliquez ici pour lire l&rsquo;article depuis sa source.<\/a><\/p>\n","protected":false},"excerpt":{"rendered":"<p>L&rsquo;ambassadeur du Maroc au Kenya, El Mokhtar Ghambou, a appel\u00e9 Nairobi \u00e0 soutenir le plan d&rsquo;autonomie pr\u00e9sent\u00e9 par le Maroc pour trouver une solution au conflit artificiel autour de la question du Sahara marocain. \u00ab\u00a0Je fais appel au gouvernement kenyan, qui si\u00e8ge actuellement au Conseil de S\u00e9curit\u00e9 comme membre non-permanent, pour soutenir notre plan d&rsquo;autonomie [&hellip;]<\/p>\n","protected":false},"author":1763,"featured_media":0,"comment_status":"closed","ping_status":"closed","sticky":false,"template":"","format":"standard","meta":{"fifu_image_url":"","fifu_image_alt":"","footnotes":""},"categories":[78,54],"tags":[],"class_list":["post-123596","post","type-post","status-publish","format-standard","hentry","category-economie","category-maroc"],"_links":{"self":[{"href":"https:\/\/linitiative.ca\/International\/wp-json\/wp\/v2\/posts\/123596","targetHints":{"allow":["GET"]}}],"collection":[{"href":"https:\/\/linitiative.ca\/International\/wp-json\/wp\/v2\/posts"}],"about":[{"href":"https:\/\/linitiative.ca\/International\/wp-json\/wp\/v2\/types\/post"}],"author":[{"embeddable":true,"href":"https:\/\/linitiative.ca\/International\/wp-json\/wp\/v2\/users\/1763"}],"replies":[{"embeddable":true,"href":"https:\/\/linitiative.ca\/International\/wp-json\/wp\/v2\/comments?post=123596"}],"version-history":[{"count":0,"href":"https:\/\/linitiative.ca\/International\/wp-json\/wp\/v2\/posts\/123596\/revisions"}],"wp:attachment":[{"href":"https:\/\/linitiative.ca\/International\/wp-json\/wp\/v2\/media?parent=123596"}],"wp:term":[{"taxonomy":"category","embeddable":true,"href":"https:\/\/linitiative.ca\/International\/wp-json\/wp\/v2\/categories?post=123596"},{"taxonomy":"post_tag","embeddable":true,"href":"https:\/\/linitiative.ca\/International\/wp-json\/wp\/v2\/tags?post=123596"}],"curies":[{"name":"wp","href":"https:\/\/api.w.org\/{rel}","templated":true}]}}