{"id":123598,"date":"2021-08-08T12:02:00","date_gmt":"2021-08-08T16:02:00","guid":{"rendered":"https:\/\/linitiative.ca\/International\/la-tuile-pour-belkebla\/"},"modified":"2021-08-08T12:02:00","modified_gmt":"2021-08-08T16:02:00","slug":"la-tuile-pour-belkebla","status":"publish","type":"post","link":"https:\/\/linitiative.ca\/International\/la-tuile-pour-belkebla\/","title":{"rendered":"La tuile pour Belkebla"},"content":{"rendered":"<div>Belkebla devrait effectuer des testes approfondis dans les heures qui viennent afin d\u2019\u00eatre fix\u00e9 sur la gravit\u00e9 de sa blessure&#8230;<img loading=\"lazy\" decoding=\"async\" src=\"http:\/\/feeds.feedburner.com\/~r\/GalerieFArtciles\/~4\/qaBxti2KOts\" height=\"1\" width=\"1\" alt=\"\"><\/div>\n<p>Auteur:<br \/>\n<a href=\"http:\/\/www.lebuteur.com\/article\/detail?titre=la-tuile-pour-belkebla&#038;id=100796&#038;utm_source=feedburner&#038;utm_medium=feed&#038;utm_campaign=Feed%3A+GalerieFArtciles+%28Les+derniers+articles++-+lebuteur.com%29\">Cliquez ici pour lire l&rsquo;article depuis sa source.<\/a><\/p>\n","protected":false},"excerpt":{"rendered":"<p>Belkebla devrait effectuer des testes approfondis dans les heures qui viennent afin d\u2019\u00eatre fix\u00e9 sur la gravit\u00e9 de sa blessure&#8230; Auteur: Cliquez ici pour lire l&rsquo;article depuis sa source.<\/p>\n","protected":false},"author":1738,"featured_media":0,"comment_status":"closed","ping_status":"closed","sticky":false,"template":"","format":"standard","meta":{"fifu_image_url":"http:\/\/feeds.feedburner.com\/~r\/GalerieFArtciles\/~4\/qaBxti2KOts","fifu_image_alt":"La tuile pour Belkebla","footnotes":""},"categories":[53,75],"tags":[],"class_list":["post-123598","post","type-post","status-publish","format-standard","hentry","category-algerie","category-sport"],"_links":{"self":[{"href":"https:\/\/linitiative.ca\/International\/wp-json\/wp\/v2\/posts\/123598","targetHints":{"allow":["GET"]}}],"collection":[{"href":"https:\/\/linitiative.ca\/International\/wp-json\/wp\/v2\/posts"}],"about":[{"href":"https:\/\/linitiative.ca\/International\/wp-json\/wp\/v2\/types\/post"}],"author":[{"embeddable":true,"href":"https:\/\/linitiative.ca\/International\/wp-json\/wp\/v2\/users\/1738"}],"replies":[{"embeddable":true,"href":"https:\/\/linitiative.ca\/International\/wp-json\/wp\/v2\/comments?post=123598"}],"version-history":[{"count":0,"href":"https:\/\/linitiative.ca\/International\/wp-json\/wp\/v2\/posts\/123598\/revisions"}],"wp:attachment":[{"href":"https:\/\/linitiative.ca\/International\/wp-json\/wp\/v2\/media?parent=123598"}],"wp:term":[{"taxonomy":"category","embeddable":true,"href":"https:\/\/linitiative.ca\/International\/wp-json\/wp\/v2\/categories?post=123598"},{"taxonomy":"post_tag","embeddable":true,"href":"https:\/\/linitiative.ca\/International\/wp-json\/wp\/v2\/tags?post=123598"}],"curies":[{"name":"wp","href":"https:\/\/api.w.org\/{rel}","templated":true}]}}