{"id":123602,"date":"2021-08-07T15:51:00","date_gmt":"2021-08-07T19:51:00","guid":{"rendered":"https:\/\/linitiative.ca\/International\/geopolitique-de-daech-sur-les-traces-des-almohades-un-livre-du-general-mohamed-nafti\/"},"modified":"2021-08-07T15:51:00","modified_gmt":"2021-08-07T19:51:00","slug":"geopolitique-de-daech-sur-les-traces-des-almohades-un-livre-du-general-mohamed-nafti","status":"publish","type":"post","link":"https:\/\/linitiative.ca\/International\/geopolitique-de-daech-sur-les-traces-des-almohades-un-livre-du-general-mohamed-nafti\/","title":{"rendered":"G\u00e9opolitique de Daech, Sur les traces des Almohades: un livre du G\u00e9n\u00e9ral Mohamed Nafti"},"content":{"rendered":"<div><img decoding=\"async\" src=\"https:\/\/linitiative.ca\/International\/wp-content\/uploads\/sites\/23\/2021\/08\/1628365475_article.jpg\" alt=\"Daesh - G\u00e9opolitique du Conflit: Sur les traces des Almohades, Habitus. Thumos. Id\u00e9ologies: un livre Passionnant du G\u00e9n\u00e9ral Mohamed Nafti\" align=\"left\">Par Adrien Seewald &#8211; Daesh, G\u00e9opolitique du Conflit: Sur les traces des Almohades, Habitus. Thumos. Id\u00e9ologies, est l\u2019ouvrage le plus cons\u00e9quent \u00e9crit par Mohamed Nafti, g\u00e9n\u00e9ral \u00e0 la retraite de l\u2019arm\u00e9e tunisienne, et paru en mars 2021. \u00c9dit\u00e9 par Leaders et comprenant un total de 348 pages, Nafti nous fait traverser ses chapitres et r\u00e9flexions \u00e0 travers quatre parties principales, allant du prodrome et de la germination de Daesh, \u00e0 des analyses historiques et g\u00e9opolitiques de la r\u00e9gion du Moyen Orient et du conflit Daesh.<br \/>\nDans cet ouvrage Nafti cherche, en premier lieu, \u00e0 d\u00e9celer la nature des coutumes et des valeurs pr\u00e9islamiques\/islamiques. Il porte un int\u00e9r\u00eat &#8230;<\/p>\n<\/div>\n<p>Auteur:<br \/>\n<a href=\"https:\/\/www.leaders.com.tn\/article\/32255-daesh-geopolitique-du-conflit-sur-les-traces-des-almohades-habitus-thumos-ideologies-un-livre-passionnant-du-general-mohamed-nafti\">Cliquez ici pour lire l&rsquo;article depuis sa source.<\/a><\/p>\n","protected":false},"excerpt":{"rendered":"<p>Par Adrien Seewald &#8211; Daesh, G\u00e9opolitique du Conflit: Sur les traces des Almohades, Habitus. Thumos. Id\u00e9ologies, est l\u2019ouvrage le plus cons\u00e9quent \u00e9crit par Mohamed Nafti, g\u00e9n\u00e9ral \u00e0 la retraite de l\u2019arm\u00e9e tunisienne, et paru en mars 2021. \u00c9dit\u00e9 par Leaders et comprenant un total de 348 pages, Nafti nous fait traverser ses chapitres et r\u00e9flexions [&hellip;]<\/p>\n","protected":false},"author":1772,"featured_media":0,"comment_status":"closed","ping_status":"closed","sticky":false,"template":"","format":"standard","meta":{"fifu_image_url":"http:\/\/www.leaders.com.tn\/uploads\/content\/thumbnails_small\/1628365475_article.jpg","fifu_image_alt":"G\u00e9opolitique de Daech, Sur les traces des Almohades: un livre du G\u00e9n\u00e9ral Mohamed Nafti","footnotes":""},"categories":[73,55],"tags":[],"class_list":["post-123602","post","type-post","status-publish","format-standard","hentry","category-actualite","category-tunisie"],"_links":{"self":[{"href":"https:\/\/linitiative.ca\/International\/wp-json\/wp\/v2\/posts\/123602","targetHints":{"allow":["GET"]}}],"collection":[{"href":"https:\/\/linitiative.ca\/International\/wp-json\/wp\/v2\/posts"}],"about":[{"href":"https:\/\/linitiative.ca\/International\/wp-json\/wp\/v2\/types\/post"}],"author":[{"embeddable":true,"href":"https:\/\/linitiative.ca\/International\/wp-json\/wp\/v2\/users\/1772"}],"replies":[{"embeddable":true,"href":"https:\/\/linitiative.ca\/International\/wp-json\/wp\/v2\/comments?post=123602"}],"version-history":[{"count":0,"href":"https:\/\/linitiative.ca\/International\/wp-json\/wp\/v2\/posts\/123602\/revisions"}],"wp:attachment":[{"href":"https:\/\/linitiative.ca\/International\/wp-json\/wp\/v2\/media?parent=123602"}],"wp:term":[{"taxonomy":"category","embeddable":true,"href":"https:\/\/linitiative.ca\/International\/wp-json\/wp\/v2\/categories?post=123602"},{"taxonomy":"post_tag","embeddable":true,"href":"https:\/\/linitiative.ca\/International\/wp-json\/wp\/v2\/tags?post=123602"}],"curies":[{"name":"wp","href":"https:\/\/api.w.org\/{rel}","templated":true}]}}