{"id":123608,"date":"2021-08-08T06:00:00","date_gmt":"2021-08-08T10:00:00","guid":{"rendered":"https:\/\/linitiative.ca\/International\/nonor-ousmer-et-la-dette-de-leo-frobenius\/"},"modified":"2021-08-08T06:00:00","modified_gmt":"2021-08-08T10:00:00","slug":"nonor-ousmer-et-la-dette-de-leo-frobenius","status":"publish","type":"post","link":"https:\/\/linitiative.ca\/International\/nonor-ousmer-et-la-dette-de-leo-frobenius\/","title":{"rendered":"Nonor Ousmer et la dette de Leo Frobenius"},"content":{"rendered":"<div>On a l\u2019impression, ces derniers temps, que la vie se r\u00e9duit \u00e0 pleurer les morts, \u00e0<\/div>\n<p>Auteur:<br \/>\n<a href=\"https:\/\/www.lesoirdalgerie.com\/ici-mieux-que-la-bas\/nonor-ousmer-et-la-dette-de-leo-frobenius-65467\">Cliquez ici pour lire l&rsquo;article depuis sa source.<\/a><\/p>\n","protected":false},"excerpt":{"rendered":"<p>On a l\u2019impression, ces derniers temps, que la vie se r\u00e9duit \u00e0 pleurer les morts, \u00e0 Auteur: Cliquez ici pour lire l&rsquo;article depuis sa source.<\/p>\n","protected":false},"author":1741,"featured_media":0,"comment_status":"closed","ping_status":"closed","sticky":false,"template":"","format":"standard","meta":{"fifu_image_url":"","fifu_image_alt":"","footnotes":""},"categories":[73,53],"tags":[],"class_list":["post-123608","post","type-post","status-publish","format-standard","hentry","category-actualite","category-algerie"],"_links":{"self":[{"href":"https:\/\/linitiative.ca\/International\/wp-json\/wp\/v2\/posts\/123608","targetHints":{"allow":["GET"]}}],"collection":[{"href":"https:\/\/linitiative.ca\/International\/wp-json\/wp\/v2\/posts"}],"about":[{"href":"https:\/\/linitiative.ca\/International\/wp-json\/wp\/v2\/types\/post"}],"author":[{"embeddable":true,"href":"https:\/\/linitiative.ca\/International\/wp-json\/wp\/v2\/users\/1741"}],"replies":[{"embeddable":true,"href":"https:\/\/linitiative.ca\/International\/wp-json\/wp\/v2\/comments?post=123608"}],"version-history":[{"count":0,"href":"https:\/\/linitiative.ca\/International\/wp-json\/wp\/v2\/posts\/123608\/revisions"}],"wp:attachment":[{"href":"https:\/\/linitiative.ca\/International\/wp-json\/wp\/v2\/media?parent=123608"}],"wp:term":[{"taxonomy":"category","embeddable":true,"href":"https:\/\/linitiative.ca\/International\/wp-json\/wp\/v2\/categories?post=123608"},{"taxonomy":"post_tag","embeddable":true,"href":"https:\/\/linitiative.ca\/International\/wp-json\/wp\/v2\/tags?post=123608"}],"curies":[{"name":"wp","href":"https:\/\/api.w.org\/{rel}","templated":true}]}}