{"id":123609,"date":"2021-08-08T06:51:43","date_gmt":"2021-08-08T10:51:43","guid":{"rendered":"https:\/\/linitiative.ca\/International\/omra-larabie-saoudite-va-rouvrir-ses-frontieres-aux-pelerins-vaccines\/"},"modified":"2021-08-08T06:51:43","modified_gmt":"2021-08-08T10:51:43","slug":"omra-larabie-saoudite-va-rouvrir-ses-frontieres-aux-pelerins-vaccines","status":"publish","type":"post","link":"https:\/\/linitiative.ca\/International\/omra-larabie-saoudite-va-rouvrir-ses-frontieres-aux-pelerins-vaccines\/","title":{"rendered":"Omra. L\u2019Arabie saoudite va rouvrir ses fronti\u00e8res aux p\u00e8lerins vaccin\u00e9s"},"content":{"rendered":"<div><img decoding=\"async\" width=\"980\" height=\"548\" src=\"https:\/\/linitiative.ca\/International\/wp-content\/uploads\/sites\/23\/2021\/08\/omra-challenge-1.png\" class=\"attachment-post-thumbnail size-post-thumbnail wp-post-image\" alt=\"\" loading=\"lazy\" srcset=\"https:\/\/linitiative.ca\/International\/wp-content\/uploads\/sites\/23\/2021\/08\/omra-challenge-1.png 980w, https:\/\/www.challenge.ma\/wp-content\/uploads\/2021\/08\/omra-challenge-1-300x168.png 300w, https:\/\/www.challenge.ma\/wp-content\/uploads\/2021\/08\/omra-challenge-1-768x429.png 768w, https:\/\/www.challenge.ma\/wp-content\/uploads\/2021\/08\/omra-challenge-1-360x201.png 360w, https:\/\/www.challenge.ma\/wp-content\/uploads\/2021\/08\/omra-challenge-1-750x419.png 750w\" sizes=\"auto, (max-width: 980px) 100vw, 980px\" itemprop=\"image\">L\u2019Arabie saoudite annonce rouvrir le p\u00e8lerinage de la Omra \u00e0 la Mecque aux p\u00e8lerins de l\u2019\u00e9tranger vaccin\u00e9s contre la covid-19. Les autorit\u00e9s saoudiennes commenceront \u00e0 accepter les demandes d\u2019entr\u00e9e dans le pays \u00e0 partir de lundi, a rapport\u00e9 dimanche 8 ao\u00fbt l\u2019agence de presse saoudienne officielle. Faut-il se souvenir que<\/div>\n<p>Auteur: challenge<br \/>\n<a href=\"https:\/\/www.challenge.ma\/omra-larabie-saoudite-va-rouvrir-ses-frontieres-aux-pelerins-vaccines-195234\/\">Cliquez ici pour lire l&rsquo;article depuis sa source.<\/a><\/p>\n","protected":false},"excerpt":{"rendered":"<p>L\u2019Arabie saoudite annonce rouvrir le p\u00e8lerinage de la Omra \u00e0 la Mecque aux p\u00e8lerins de l\u2019\u00e9tranger vaccin\u00e9s contre la covid-19. Les autorit\u00e9s saoudiennes commenceront \u00e0 accepter les demandes d\u2019entr\u00e9e dans le pays \u00e0 partir de lundi, a rapport\u00e9 dimanche 8 ao\u00fbt l\u2019agence de presse saoudienne officielle. Faut-il se souvenir que Auteur: challenge Cliquez ici pour [&hellip;]<\/p>\n","protected":false},"author":1787,"featured_media":0,"comment_status":"closed","ping_status":"closed","sticky":false,"template":"","format":"standard","meta":{"fifu_image_url":"https:\/\/www.challenge.ma\/wp-content\/uploads\/2021\/08\/omra-challenge-1.png","fifu_image_alt":"Omra. L\u2019Arabie saoudite va rouvrir ses fronti\u00e8res aux p\u00e8lerins vaccin\u00e9s","footnotes":""},"categories":[78,54],"tags":[],"class_list":["post-123609","post","type-post","status-publish","format-standard","hentry","category-economie","category-maroc"],"_links":{"self":[{"href":"https:\/\/linitiative.ca\/International\/wp-json\/wp\/v2\/posts\/123609","targetHints":{"allow":["GET"]}}],"collection":[{"href":"https:\/\/linitiative.ca\/International\/wp-json\/wp\/v2\/posts"}],"about":[{"href":"https:\/\/linitiative.ca\/International\/wp-json\/wp\/v2\/types\/post"}],"author":[{"embeddable":true,"href":"https:\/\/linitiative.ca\/International\/wp-json\/wp\/v2\/users\/1787"}],"replies":[{"embeddable":true,"href":"https:\/\/linitiative.ca\/International\/wp-json\/wp\/v2\/comments?post=123609"}],"version-history":[{"count":0,"href":"https:\/\/linitiative.ca\/International\/wp-json\/wp\/v2\/posts\/123609\/revisions"}],"wp:attachment":[{"href":"https:\/\/linitiative.ca\/International\/wp-json\/wp\/v2\/media?parent=123609"}],"wp:term":[{"taxonomy":"category","embeddable":true,"href":"https:\/\/linitiative.ca\/International\/wp-json\/wp\/v2\/categories?post=123609"},{"taxonomy":"post_tag","embeddable":true,"href":"https:\/\/linitiative.ca\/International\/wp-json\/wp\/v2\/tags?post=123609"}],"curies":[{"name":"wp","href":"https:\/\/api.w.org\/{rel}","templated":true}]}}