{"id":123613,"date":"2021-08-08T10:17:37","date_gmt":"2021-08-08T14:17:37","guid":{"rendered":"https:\/\/linitiative.ca\/International\/tokyo-2020-le-president-du-cio-clot-les-jo\/"},"modified":"2021-08-08T10:17:37","modified_gmt":"2021-08-08T14:17:37","slug":"tokyo-2020-le-president-du-cio-clot-les-jo","status":"publish","type":"post","link":"https:\/\/linitiative.ca\/International\/tokyo-2020-le-president-du-cio-clot-les-jo\/","title":{"rendered":"Tokyo 2020. Le Pr\u00e9sident du CIO cl\u00f4t les JO"},"content":{"rendered":"<div><img decoding=\"async\" width=\"768\" height=\"433\" src=\"https:\/\/linitiative.ca\/International\/wp-content\/uploads\/sites\/23\/2021\/08\/25173797-1.jpg\" class=\"attachment-post-thumbnail size-post-thumbnail wp-post-image\" alt=\"\" loading=\"lazy\" srcset=\"https:\/\/linitiative.ca\/International\/wp-content\/uploads\/sites\/23\/2021\/08\/25173797-1.jpg 768w, https:\/\/www.challenge.ma\/wp-content\/uploads\/2021\/08\/25173797-1-300x169.jpg 300w, https:\/\/www.challenge.ma\/wp-content\/uploads\/2021\/08\/25173797-1-360x203.jpg 360w, https:\/\/www.challenge.ma\/wp-content\/uploads\/2021\/08\/25173797-1-750x423.jpg 750w\" sizes=\"auto, (max-width: 768px) 100vw, 768px\" itemprop=\"image\">C\u2019est act\u00e9\u00a0! Le pr\u00e9sident du Comit\u00e9 international olympique Thomas Bach a \u00abclos\u00bb les Jeux olympiques de Tokyo lors de la c\u00e9r\u00e9monie de cl\u00f4ture, marqu\u00e9e par le passage de relais avec Paris, h\u00f4te des JO-2024, ce dimanche 8 ao\u00fbt \u00e0 Tokyo. \u00abJe d\u00e9clare clos les Jeux de la XXXII\u00e8me Olympiade\u00bb, s\u2019est<\/div>\n<p>Auteur: challenge<br \/>\n<a href=\"https:\/\/www.challenge.ma\/tokyo-2020-le-president-du-cio-clot-les-jo-195247\/\">Cliquez ici pour lire l&rsquo;article depuis sa source.<\/a><\/p>\n","protected":false},"excerpt":{"rendered":"<p>C\u2019est act\u00e9\u00a0! Le pr\u00e9sident du Comit\u00e9 international olympique Thomas Bach a \u00abclos\u00bb les Jeux olympiques de Tokyo lors de la c\u00e9r\u00e9monie de cl\u00f4ture, marqu\u00e9e par le passage de relais avec Paris, h\u00f4te des JO-2024, ce dimanche 8 ao\u00fbt \u00e0 Tokyo. \u00abJe d\u00e9clare clos les Jeux de la XXXII\u00e8me Olympiade\u00bb, s\u2019est Auteur: challenge Cliquez ici pour [&hellip;]<\/p>\n","protected":false},"author":1787,"featured_media":0,"comment_status":"closed","ping_status":"closed","sticky":false,"template":"","format":"standard","meta":{"fifu_image_url":"https:\/\/www.challenge.ma\/wp-content\/uploads\/2021\/08\/25173797-1.jpg","fifu_image_alt":"Tokyo 2020. Le Pr\u00e9sident du CIO cl\u00f4t les JO","footnotes":""},"categories":[78,54],"tags":[],"class_list":["post-123613","post","type-post","status-publish","format-standard","hentry","category-economie","category-maroc"],"_links":{"self":[{"href":"https:\/\/linitiative.ca\/International\/wp-json\/wp\/v2\/posts\/123613","targetHints":{"allow":["GET"]}}],"collection":[{"href":"https:\/\/linitiative.ca\/International\/wp-json\/wp\/v2\/posts"}],"about":[{"href":"https:\/\/linitiative.ca\/International\/wp-json\/wp\/v2\/types\/post"}],"author":[{"embeddable":true,"href":"https:\/\/linitiative.ca\/International\/wp-json\/wp\/v2\/users\/1787"}],"replies":[{"embeddable":true,"href":"https:\/\/linitiative.ca\/International\/wp-json\/wp\/v2\/comments?post=123613"}],"version-history":[{"count":0,"href":"https:\/\/linitiative.ca\/International\/wp-json\/wp\/v2\/posts\/123613\/revisions"}],"wp:attachment":[{"href":"https:\/\/linitiative.ca\/International\/wp-json\/wp\/v2\/media?parent=123613"}],"wp:term":[{"taxonomy":"category","embeddable":true,"href":"https:\/\/linitiative.ca\/International\/wp-json\/wp\/v2\/categories?post=123613"},{"taxonomy":"post_tag","embeddable":true,"href":"https:\/\/linitiative.ca\/International\/wp-json\/wp\/v2\/tags?post=123613"}],"curies":[{"name":"wp","href":"https:\/\/api.w.org\/{rel}","templated":true}]}}