{"id":123617,"date":"2021-08-08T15:21:20","date_gmt":"2021-08-08T19:21:20","guid":{"rendered":"https:\/\/linitiative.ca\/International\/tunisie-demarrage-de-la-vaccination-dans-les-pharmacies-le-16-aout\/"},"modified":"2021-08-08T15:21:20","modified_gmt":"2021-08-08T19:21:20","slug":"tunisie-demarrage-de-la-vaccination-dans-les-pharmacies-le-16-aout","status":"publish","type":"post","link":"https:\/\/linitiative.ca\/International\/tunisie-demarrage-de-la-vaccination-dans-les-pharmacies-le-16-aout\/","title":{"rendered":"Tunisie \u2013 D\u00e9marrage de la vaccination dans les pharmacies le 16 ao\u00fbt"},"content":{"rendered":"<div>\n<p>Le conseil national de l\u2019ordre des pharmaciens de Tunisie a annonc\u00e9 ce dimanche que la campagne de vaccination dans les officines priv\u00e9es, d\u00e9butera le lundi 16 ao\u00fbt.<\/p>\n<p>L\u2019article <a href=\"https:\/\/www.tunisienumerique.com\/tunisie-demarrage-de-la-vaccination-dans-les-pharmacies-le-16-aout\/\">Tunisie \u2013 D\u00e9marrage de la vaccination dans les pharmacies le 16 ao\u00fbt<\/a> est apparu en premier sur <a href=\"https:\/\/www.tunisienumerique.com\/\">Tunisie<\/a>.<\/p>\n<\/div>\n<p>Auteur: LM<br \/>\n<a href=\"https:\/\/www.tunisienumerique.com\/tunisie-demarrage-de-la-vaccination-dans-les-pharmacies-le-16-aout\/\">Cliquez ici pour lire l&rsquo;article depuis sa source.<\/a><\/p>\n","protected":false},"excerpt":{"rendered":"<p>Le conseil national de l\u2019ordre des pharmaciens de Tunisie a annonc\u00e9 ce dimanche que la campagne de vaccination dans les officines priv\u00e9es, d\u00e9butera le lundi 16 ao\u00fbt. L\u2019article Tunisie \u2013 D\u00e9marrage de la vaccination dans les pharmacies le 16 ao\u00fbt est apparu en premier sur Tunisie. Auteur: LM Cliquez ici pour lire l&rsquo;article depuis sa [&hellip;]<\/p>\n","protected":false},"author":1789,"featured_media":0,"comment_status":"closed","ping_status":"closed","sticky":false,"template":"","format":"standard","meta":{"fifu_image_url":"","fifu_image_alt":"","footnotes":""},"categories":[73,55],"tags":[],"class_list":["post-123617","post","type-post","status-publish","format-standard","hentry","category-actualite","category-tunisie"],"_links":{"self":[{"href":"https:\/\/linitiative.ca\/International\/wp-json\/wp\/v2\/posts\/123617","targetHints":{"allow":["GET"]}}],"collection":[{"href":"https:\/\/linitiative.ca\/International\/wp-json\/wp\/v2\/posts"}],"about":[{"href":"https:\/\/linitiative.ca\/International\/wp-json\/wp\/v2\/types\/post"}],"author":[{"embeddable":true,"href":"https:\/\/linitiative.ca\/International\/wp-json\/wp\/v2\/users\/1789"}],"replies":[{"embeddable":true,"href":"https:\/\/linitiative.ca\/International\/wp-json\/wp\/v2\/comments?post=123617"}],"version-history":[{"count":0,"href":"https:\/\/linitiative.ca\/International\/wp-json\/wp\/v2\/posts\/123617\/revisions"}],"wp:attachment":[{"href":"https:\/\/linitiative.ca\/International\/wp-json\/wp\/v2\/media?parent=123617"}],"wp:term":[{"taxonomy":"category","embeddable":true,"href":"https:\/\/linitiative.ca\/International\/wp-json\/wp\/v2\/categories?post=123617"},{"taxonomy":"post_tag","embeddable":true,"href":"https:\/\/linitiative.ca\/International\/wp-json\/wp\/v2\/tags?post=123617"}],"curies":[{"name":"wp","href":"https:\/\/api.w.org\/{rel}","templated":true}]}}