{"id":123618,"date":"2021-08-08T15:29:38","date_gmt":"2021-08-08T19:29:38","guid":{"rendered":"https:\/\/linitiative.ca\/International\/derniere-minute-selon-le-ministre-de-la-sante-plus-de-475-mille-tunisiens-ont-ete-vaccines-aujourdhui\/"},"modified":"2021-08-08T15:29:38","modified_gmt":"2021-08-08T19:29:38","slug":"derniere-minute-selon-le-ministre-de-la-sante-plus-de-475-mille-tunisiens-ont-ete-vaccines-aujourdhui","status":"publish","type":"post","link":"https:\/\/linitiative.ca\/International\/derniere-minute-selon-le-ministre-de-la-sante-plus-de-475-mille-tunisiens-ont-ete-vaccines-aujourdhui\/","title":{"rendered":"Derni\u00e8re minute-selon le ministre de la sant\u00e9 : Plus de 475 mille tunisiens ont \u00e9t\u00e9 vaccin\u00e9s aujourd\u2019hui"},"content":{"rendered":"<div>\n<p>Le nouveau ministre de la Sant\u00e9, monsieur Ali Mrabet a annonc\u00e9 dans une d\u00e9claration accord\u00e9e ce soir \u00e0 une radio priv\u00e9e que plus de 475 mille tunisiens ont \u00e9t\u00e9 vaccin\u00e9s aujourd\u2019hui dans le cadre de la journ\u00e9e nationale de vaccination. Il a \u00e9galement salu\u00e9 tous les citoyens vaccin\u00e9s aujourd\u2019hui pour leur sens d\u2019engagement et de [\u2026]<\/p>\n<p>L\u2019article <a href=\"https:\/\/www.tunisienumerique.com\/derniere-minute-selon-le-ministre-de-la-sante-plus-de-475-mille-tunisiens-ont-ete-vaccines-aujourdhui\/\">Derni\u00e8re minute-selon le ministre de la sant\u00e9 : Plus de 475 mille tunisiens ont \u00e9t\u00e9 vaccin\u00e9s aujourd\u2019hui<\/a> est apparu en premier sur <a href=\"https:\/\/www.tunisienumerique.com\/\">Tunisie<\/a>.<\/p>\n<\/div>\n<p>Auteur: rania ben slimane<br \/>\n<a href=\"https:\/\/www.tunisienumerique.com\/derniere-minute-selon-le-ministre-de-la-sante-plus-de-475-mille-tunisiens-ont-ete-vaccines-aujourdhui\/\">Cliquez ici pour lire l&rsquo;article depuis sa source.<\/a><\/p>\n","protected":false},"excerpt":{"rendered":"<p>Le nouveau ministre de la Sant\u00e9, monsieur Ali Mrabet a annonc\u00e9 dans une d\u00e9claration accord\u00e9e ce soir \u00e0 une radio priv\u00e9e que plus de 475 mille tunisiens ont \u00e9t\u00e9 vaccin\u00e9s aujourd\u2019hui dans le cadre de la journ\u00e9e nationale de vaccination. Il a \u00e9galement salu\u00e9 tous les citoyens vaccin\u00e9s aujourd\u2019hui pour leur sens d\u2019engagement et de [&hellip;]<\/p>\n","protected":false},"author":1789,"featured_media":0,"comment_status":"closed","ping_status":"closed","sticky":false,"template":"","format":"standard","meta":{"fifu_image_url":"","fifu_image_alt":"","footnotes":""},"categories":[73,55],"tags":[],"class_list":["post-123618","post","type-post","status-publish","format-standard","hentry","category-actualite","category-tunisie"],"_links":{"self":[{"href":"https:\/\/linitiative.ca\/International\/wp-json\/wp\/v2\/posts\/123618","targetHints":{"allow":["GET"]}}],"collection":[{"href":"https:\/\/linitiative.ca\/International\/wp-json\/wp\/v2\/posts"}],"about":[{"href":"https:\/\/linitiative.ca\/International\/wp-json\/wp\/v2\/types\/post"}],"author":[{"embeddable":true,"href":"https:\/\/linitiative.ca\/International\/wp-json\/wp\/v2\/users\/1789"}],"replies":[{"embeddable":true,"href":"https:\/\/linitiative.ca\/International\/wp-json\/wp\/v2\/comments?post=123618"}],"version-history":[{"count":0,"href":"https:\/\/linitiative.ca\/International\/wp-json\/wp\/v2\/posts\/123618\/revisions"}],"wp:attachment":[{"href":"https:\/\/linitiative.ca\/International\/wp-json\/wp\/v2\/media?parent=123618"}],"wp:term":[{"taxonomy":"category","embeddable":true,"href":"https:\/\/linitiative.ca\/International\/wp-json\/wp\/v2\/categories?post=123618"},{"taxonomy":"post_tag","embeddable":true,"href":"https:\/\/linitiative.ca\/International\/wp-json\/wp\/v2\/tags?post=123618"}],"curies":[{"name":"wp","href":"https:\/\/api.w.org\/{rel}","templated":true}]}}