{"id":123619,"date":"2021-08-08T16:15:40","date_gmt":"2021-08-08T20:15:40","guid":{"rendered":"https:\/\/linitiative.ca\/International\/tunisie-journee-nationale-de-vaccination-video-un-peuple-soude-une-tunisie-victorieuse\/"},"modified":"2021-08-08T16:15:40","modified_gmt":"2021-08-08T20:15:40","slug":"tunisie-journee-nationale-de-vaccination-video-un-peuple-soude-une-tunisie-victorieuse","status":"publish","type":"post","link":"https:\/\/linitiative.ca\/International\/tunisie-journee-nationale-de-vaccination-video-un-peuple-soude-une-tunisie-victorieuse\/","title":{"rendered":"Tunisie-Journ\u00e9e nationale de vaccination [VIDEO]: Un peuple soud\u00e9\u2026 Une Tunisie victorieuse!"},"content":{"rendered":"<div>\n<p>Les participants \u00e0 l\u2019organisation de la journ\u00e9e nationale de vaccination tenue aujourd\u2019hui 08 ao\u00fbt 2021, ont fait la f\u00eate dans tous les centres avant leur cl\u00f4ture pr\u00e9vue \u00e0 21H00. En effet, le personnel m\u00e9dical et param\u00e9dical, les composantes de la soci\u00e9t\u00e9 civile, les scouts, les forces de l\u2019ordre et soldats ont converg\u00e9 leurs efforts pour [\u2026]<\/p>\n<p>L\u2019article <a href=\"https:\/\/www.tunisienumerique.com\/tunisie-journee-nationale-de-vaccination-video-un-peuple-soude-une-tunisie-victorieuse\/\">Tunisie-Journ\u00e9e nationale de vaccination [VIDEO]: Un peuple soud\u00e9\u2026 Une Tunisie victorieuse!<\/a> est apparu en premier sur <a href=\"https:\/\/www.tunisienumerique.com\/\">Tunisie<\/a>.<\/p>\n<\/div>\n<p>Auteur: rania ben slimane<br \/>\n<a href=\"https:\/\/www.tunisienumerique.com\/tunisie-journee-nationale-de-vaccination-video-un-peuple-soude-une-tunisie-victorieuse\/\">Cliquez ici pour lire l&rsquo;article depuis sa source.<\/a><\/p>\n","protected":false},"excerpt":{"rendered":"<p>Les participants \u00e0 l\u2019organisation de la journ\u00e9e nationale de vaccination tenue aujourd\u2019hui 08 ao\u00fbt 2021, ont fait la f\u00eate dans tous les centres avant leur cl\u00f4ture pr\u00e9vue \u00e0 21H00. En effet, le personnel m\u00e9dical et param\u00e9dical, les composantes de la soci\u00e9t\u00e9 civile, les scouts, les forces de l\u2019ordre et soldats ont converg\u00e9 leurs efforts pour [&hellip;]<\/p>\n","protected":false},"author":1789,"featured_media":0,"comment_status":"closed","ping_status":"closed","sticky":false,"template":"","format":"standard","meta":{"fifu_image_url":"","fifu_image_alt":"","footnotes":""},"categories":[73,55],"tags":[],"class_list":["post-123619","post","type-post","status-publish","format-standard","hentry","category-actualite","category-tunisie"],"_links":{"self":[{"href":"https:\/\/linitiative.ca\/International\/wp-json\/wp\/v2\/posts\/123619","targetHints":{"allow":["GET"]}}],"collection":[{"href":"https:\/\/linitiative.ca\/International\/wp-json\/wp\/v2\/posts"}],"about":[{"href":"https:\/\/linitiative.ca\/International\/wp-json\/wp\/v2\/types\/post"}],"author":[{"embeddable":true,"href":"https:\/\/linitiative.ca\/International\/wp-json\/wp\/v2\/users\/1789"}],"replies":[{"embeddable":true,"href":"https:\/\/linitiative.ca\/International\/wp-json\/wp\/v2\/comments?post=123619"}],"version-history":[{"count":0,"href":"https:\/\/linitiative.ca\/International\/wp-json\/wp\/v2\/posts\/123619\/revisions"}],"wp:attachment":[{"href":"https:\/\/linitiative.ca\/International\/wp-json\/wp\/v2\/media?parent=123619"}],"wp:term":[{"taxonomy":"category","embeddable":true,"href":"https:\/\/linitiative.ca\/International\/wp-json\/wp\/v2\/categories?post=123619"},{"taxonomy":"post_tag","embeddable":true,"href":"https:\/\/linitiative.ca\/International\/wp-json\/wp\/v2\/tags?post=123619"}],"curies":[{"name":"wp","href":"https:\/\/api.w.org\/{rel}","templated":true}]}}