{"id":123621,"date":"2021-08-08T17:06:26","date_gmt":"2021-08-08T21:06:26","guid":{"rendered":"https:\/\/linitiative.ca\/International\/officiel-ministere-de-la-sante-bilan-definitif-des-vaccines-au-cours-de-la-journee-nationale-de-vaccination\/"},"modified":"2021-08-08T17:06:26","modified_gmt":"2021-08-08T21:06:26","slug":"officiel-ministere-de-la-sante-bilan-definitif-des-vaccines-au-cours-de-la-journee-nationale-de-vaccination","status":"publish","type":"post","link":"https:\/\/linitiative.ca\/International\/officiel-ministere-de-la-sante-bilan-definitif-des-vaccines-au-cours-de-la-journee-nationale-de-vaccination\/","title":{"rendered":"Officiel-Minist\u00e8re de la Sant\u00e9: Bilan d\u00e9finitif des vaccin\u00e9s au cours de la journ\u00e9e nationale de vaccination"},"content":{"rendered":"<div>\n<p>Le minist\u00e8re de la Sant\u00e9 a annonc\u00e9 dans un communiqu\u00e9 rendu public il y a quelques minutes le bilan d\u00e9finitif de la journ\u00e9e nationale de vaccination. En effet, 551 008 tunisiens ont \u00e9t\u00e9 vaccin\u00e9s dans les 335 centres r\u00e9partis sur tous les gouvernorats de la Tunisie.<\/p>\n<p>L\u2019article <a href=\"https:\/\/www.tunisienumerique.com\/officiel-ministere-de-la-sante-bilan-definitif-des-vaccines-au-cours-de-la-journee-nationale-de-vaccination\/\">Officiel-Minist\u00e8re de la Sant\u00e9: Bilan d\u00e9finitif des vaccin\u00e9s au cours de la journ\u00e9e nationale de vaccination<\/a> est apparu en premier sur <a href=\"https:\/\/www.tunisienumerique.com\/\">Tunisie<\/a>.<\/p>\n<\/div>\n<p>Auteur: rania ben slimane<br \/>\n<a href=\"https:\/\/www.tunisienumerique.com\/officiel-ministere-de-la-sante-bilan-definitif-des-vaccines-au-cours-de-la-journee-nationale-de-vaccination\/\">Cliquez ici pour lire l&rsquo;article depuis sa source.<\/a><\/p>\n","protected":false},"excerpt":{"rendered":"<p>Le minist\u00e8re de la Sant\u00e9 a annonc\u00e9 dans un communiqu\u00e9 rendu public il y a quelques minutes le bilan d\u00e9finitif de la journ\u00e9e nationale de vaccination. En effet, 551 008 tunisiens ont \u00e9t\u00e9 vaccin\u00e9s dans les 335 centres r\u00e9partis sur tous les gouvernorats de la Tunisie. L\u2019article Officiel-Minist\u00e8re de la Sant\u00e9: Bilan d\u00e9finitif des vaccin\u00e9s [&hellip;]<\/p>\n","protected":false},"author":1789,"featured_media":0,"comment_status":"closed","ping_status":"closed","sticky":false,"template":"","format":"standard","meta":{"fifu_image_url":"","fifu_image_alt":"","footnotes":""},"categories":[73,55],"tags":[],"class_list":["post-123621","post","type-post","status-publish","format-standard","hentry","category-actualite","category-tunisie"],"_links":{"self":[{"href":"https:\/\/linitiative.ca\/International\/wp-json\/wp\/v2\/posts\/123621","targetHints":{"allow":["GET"]}}],"collection":[{"href":"https:\/\/linitiative.ca\/International\/wp-json\/wp\/v2\/posts"}],"about":[{"href":"https:\/\/linitiative.ca\/International\/wp-json\/wp\/v2\/types\/post"}],"author":[{"embeddable":true,"href":"https:\/\/linitiative.ca\/International\/wp-json\/wp\/v2\/users\/1789"}],"replies":[{"embeddable":true,"href":"https:\/\/linitiative.ca\/International\/wp-json\/wp\/v2\/comments?post=123621"}],"version-history":[{"count":0,"href":"https:\/\/linitiative.ca\/International\/wp-json\/wp\/v2\/posts\/123621\/revisions"}],"wp:attachment":[{"href":"https:\/\/linitiative.ca\/International\/wp-json\/wp\/v2\/media?parent=123621"}],"wp:term":[{"taxonomy":"category","embeddable":true,"href":"https:\/\/linitiative.ca\/International\/wp-json\/wp\/v2\/categories?post=123621"},{"taxonomy":"post_tag","embeddable":true,"href":"https:\/\/linitiative.ca\/International\/wp-json\/wp\/v2\/tags?post=123621"}],"curies":[{"name":"wp","href":"https:\/\/api.w.org\/{rel}","templated":true}]}}