{"id":123622,"date":"2021-08-08T15:03:09","date_gmt":"2021-08-08T19:03:09","guid":{"rendered":"https:\/\/linitiative.ca\/International\/suspension-de-lextradition-du-frere-cadet-de-blaise-compaore\/"},"modified":"2021-08-08T15:03:09","modified_gmt":"2021-08-08T19:03:09","slug":"suspension-de-lextradition-du-frere-cadet-de-blaise-compaore","status":"publish","type":"post","link":"https:\/\/linitiative.ca\/International\/suspension-de-lextradition-du-frere-cadet-de-blaise-compaore\/","title":{"rendered":"SUSPENSION DE L\u2019EXTRADITION DU FRERE CADET DE BLAISE COMPAORE"},"content":{"rendered":"<div>\n<p><img decoding=\"async\" width=\"592\" height=\"296\" src=\"https:\/\/linitiative.ca\/International\/wp-content\/uploads\/sites\/23\/2021\/08\/FRANCOIS-1.jpg\" class=\"attachment- size- wp-post-image\" alt=\"\" loading=\"lazy\" style=\"float:left; margin:0 15px 15px 0;\" srcset=\"https:\/\/linitiative.ca\/International\/wp-content\/uploads\/sites\/23\/2021\/08\/FRANCOIS-1.jpg 592w, https:\/\/lepays.bf\/wp-content\/uploads\/2021\/08\/FRANCOIS-1-300x150.jpg 300w\" sizes=\"auto, (max-width: 592px) 100vw, 592px\">Le temps de la Justice n\u2019est d\u00e9cid\u00e9ment pas celui de\u2026l\u2019opinion publique burkinab\u00e8 qui s\u2019attendait \u00e0 ce que Fran\u00e7ois Compaor\u00e9 revienne au Burkina Faso comme il l\u2019avait quitt\u00e9, en catimini et contre son gr\u00e9. La Cour europ\u00e9enne des droits de l\u2019Homme (CEDH) a, en effet, suspendu son extradition ordonn\u00e9e par le Conseil d\u2019Etat fran\u00e7ais, en application \u2026<\/p>\n<p>L\u2019article <a rel=\"nofollow\" href=\"https:\/\/lepays.bf\/suspension-de-lextradition-du-frere-cadet-de-blaise-compaore\/\">SUSPENSION DE L\u2019EXTRADITION DU FRERE CADET DE BLAISE COMPAORE<\/a> est apparu en premier sur <a rel=\"nofollow\" href=\"https:\/\/lepays.bf\/\">Editions Le Pays<\/a>.<\/p>\n<\/div>\n<p>Auteur: Editions LEPAYS<br \/>\n<a href=\"https:\/\/lepays.bf\/suspension-de-lextradition-du-frere-cadet-de-blaise-compaore\/\">Cliquez ici pour lire l&rsquo;article depuis sa source.<\/a><\/p>\n","protected":false},"excerpt":{"rendered":"<p>Le temps de la Justice n\u2019est d\u00e9cid\u00e9ment pas celui de\u2026l\u2019opinion publique burkinab\u00e8 qui s\u2019attendait \u00e0 ce que Fran\u00e7ois Compaor\u00e9 revienne au Burkina Faso comme il l\u2019avait quitt\u00e9, en catimini et contre son gr\u00e9. La Cour europ\u00e9enne des droits de l\u2019Homme (CEDH) a, en effet, suspendu son extradition ordonn\u00e9e par le Conseil d\u2019Etat fran\u00e7ais, en application [&hellip;]<\/p>\n","protected":false},"author":1813,"featured_media":0,"comment_status":"closed","ping_status":"closed","sticky":false,"template":"","format":"standard","meta":{"fifu_image_url":"https:\/\/lepays.bf\/wp-content\/uploads\/2021\/08\/FRANCOIS-1.jpg","fifu_image_alt":"SUSPENSION DE L\u2019EXTRADITION DU FRERE CADET DE BLAISE COMPAORE","footnotes":""},"categories":[73,81],"tags":[],"class_list":["post-123622","post","type-post","status-publish","format-standard","hentry","category-actualite","category-burkina-faso"],"_links":{"self":[{"href":"https:\/\/linitiative.ca\/International\/wp-json\/wp\/v2\/posts\/123622","targetHints":{"allow":["GET"]}}],"collection":[{"href":"https:\/\/linitiative.ca\/International\/wp-json\/wp\/v2\/posts"}],"about":[{"href":"https:\/\/linitiative.ca\/International\/wp-json\/wp\/v2\/types\/post"}],"author":[{"embeddable":true,"href":"https:\/\/linitiative.ca\/International\/wp-json\/wp\/v2\/users\/1813"}],"replies":[{"embeddable":true,"href":"https:\/\/linitiative.ca\/International\/wp-json\/wp\/v2\/comments?post=123622"}],"version-history":[{"count":0,"href":"https:\/\/linitiative.ca\/International\/wp-json\/wp\/v2\/posts\/123622\/revisions"}],"wp:attachment":[{"href":"https:\/\/linitiative.ca\/International\/wp-json\/wp\/v2\/media?parent=123622"}],"wp:term":[{"taxonomy":"category","embeddable":true,"href":"https:\/\/linitiative.ca\/International\/wp-json\/wp\/v2\/categories?post=123622"},{"taxonomy":"post_tag","embeddable":true,"href":"https:\/\/linitiative.ca\/International\/wp-json\/wp\/v2\/tags?post=123622"}],"curies":[{"name":"wp","href":"https:\/\/api.w.org\/{rel}","templated":true}]}}