{"id":123626,"date":"2021-08-08T17:31:47","date_gmt":"2021-08-08T21:31:47","guid":{"rendered":"https:\/\/linitiative.ca\/International\/prix-neema-lobo-afsetou-sawadogo-premiere-laureate-en-presse-ecrite\/"},"modified":"2021-08-08T17:31:47","modified_gmt":"2021-08-08T21:31:47","slug":"prix-neema-lobo-afsetou-sawadogo-premiere-laureate-en-presse-ecrite","status":"publish","type":"post","link":"https:\/\/linitiative.ca\/International\/prix-neema-lobo-afsetou-sawadogo-premiere-laureate-en-presse-ecrite\/","title":{"rendered":"Prix \u00ab N\u00eaema-Lobo \u00bb : Afsetou Sawadogo, premi\u00e8re  laur\u00e9ate en presse \u00e9crite"},"content":{"rendered":"<div>\n<p><strong>Le minist\u00e8re de la Sant\u00e9 et ses partenaires ont organis\u00e9, le vendredi 6 ao\u00fbt 2021, \u00e0 Ouagadougou, une c\u00e9r\u00e9monie de remise du prix \u00ab N\u00eaema-Lobo \u00bb de la meilleure production journalistique sur la nutrition maternelle et l\u2019alimentation du nourrisson et du jeune enfant. A l\u2019occasion, trois journalistes ont \u00e9t\u00e9 prim\u00e9s.<\/strong><\/p>\n<p>Afsetou Sawadogo, journaliste aux Editions Sidwaya, est la premi\u00e8re laur\u00e9ate du prix \u00ab N\u00eaema-Lobo \u00bb dans la cat\u00e9gorie presse \u00e9crite. C\u2019est son \u0153uvre : \u00ab allaitement maternel exclusif : un antidote contre le cancer de l\u2019ovaire \u00bb qui lui a valu ces lauriers. \u00ab Le constat, beaucoup de femmes veulent pratiquer l\u2019allaitement maternel exclusif, mais la pomme de discorde, c\u2019est leur belle-m\u00e8re. Pour les belles-m\u00e8res, le fait de ne pas donner \u00e0 boire \u00e0 l\u2019enfant contribue \u00e0 r\u00e9duire la croissance de l\u2019enfant. D\u2019o\u00f9 la r\u00e9ticence de certaines d\u2019entre elles. Or, selon les sp\u00e9cialistes de la sant\u00e9, l\u2019allaitement exclusif contribue \u00e0 r\u00e9duire le cancer de l\u2019ovaire. C\u2019est un sentiment de joie qui m\u2019anime.<\/p>\n<p>C\u2019est une invite pour moi et les professionnels des m\u00e9dias \u00e0 mieux faire et \u00e0 contribuer \u00e0 sensibiliser la population surtout les belles-m\u00e8res \u00e0 l\u2019allaitement exclusif \u00bb, a confi\u00e9 la laur\u00e9ate. Dans la cat\u00e9gorie t\u00e9l\u00e9vision et radio, c\u2019est respectivement Dieudonn\u00e9 Congo de Savane M\u00e9dia et Sata Bouar\u00e9 de la Rtb2\/Bobo qui ont \u00e9t\u00e9 prim\u00e9s. Chaque candidat est reparti avec la somme de 1 000 000 F CFA, un troph\u00e9e, une attestation et des gadgets. Pour cette premi\u00e8re \u00e9dition du concours, le jury a appr\u00e9ci\u00e9 9 \u0153uvres. Selon le jury pr\u00e9sid\u00e9 par Nathalie Sawadogo, l\u2019originalit\u00e9 du th\u00e8me, l\u2019actualit\u00e9, la diversit\u00e9 des sources, la ma\u00eetrise du sujet et la qualit\u00e9 du plaidoyer ont \u00e9t\u00e9 les crit\u00e8res qui ont valu aux laur\u00e9ats leur distinction.<\/p>\n<p>Le prix \u00ab N\u00eaema-Lobo \u00bb qui signifie bonne alimentation en Fulfuld\u00e9 a \u00e9t\u00e9 initi\u00e9 par le minist\u00e8re de la Sant\u00e9 et ses partenaires dans le cadre de la c\u00e9l\u00e9bration de la Semaine mondiale de l\u2019allaitement maternel (SMAM). D\u2019apr\u00e8s le ministre de la Sant\u00e9, Charlemagne Ou\u00e9draogo, l\u2019analyse des indicateurs de la malnutrition au Burkina montre que la situation nutritionnelle est toujours insatisfaisante, malgr\u00e9 les efforts consentis ces derni\u00e8res ann\u00e9es. Il a expliqu\u00e9 qu\u2019au pays des Hommes int\u00e8gres, au moins 98% des femmes allaitent leurs enfants. Cependant, la proportion des b\u00e9b\u00e9s nourris exclusivement au sein maternel jusqu\u2019\u00e0 l\u2019\u00e2ge de six mois reste faible. \u00ab Si l\u2019allaitement des nourrissons est une pratique courante et s\u00e9culaire, l\u2019allaitement exclusif n\u2019est pratiqu\u00e9 que pour 4 nourrissons de moins de six mois sur 10.<\/p>\n<p>Par ailleurs, seulement 80,1% des femmes continuent d\u2019allaiter jusqu\u2019\u00e0 l\u2019\u00e2ge de 2 ans au moins \u00bb, a regrett\u00e9 le ministre de la Sant\u00e9. Faire bouger les lignes C\u2019est pourquoi, a-t-il dit, depuis 2020, le Burkina est engag\u00e9 dans l\u2019initiative sous r\u00e9gionale \u00ab plus fort avec le lait maternel uniquement \u00bb qui vise \u00e0 contribuer \u00e0 l\u2019atteinte de l\u2019objectif de 80% de taux d\u2019allaitement exclusif fix\u00e9 dans le plan de passage \u00e0 l\u2019\u00e9chelle de la promotion des pratiques optimales d\u2019alimentation du nourrisson et du jeune enfant d\u2019ici \u00e0 2025. Alors, pour lui, le th\u00e8me de la SMAM : \u00ab Allaitement maternel, une responsabilit\u00e9 partag\u00e9e \u00bb interpelle les professionnels des m\u00e9dias qu\u2019il est temps pour informer, sensibiliser et de galvaniser l\u2019action pour prot\u00e9ger et soutenir l\u2019allaitement.<\/p>\n<p>Selon le ministre de la Sant\u00e9, l\u2019objectif de ce prix est d\u2019encourager les productions journalistiques sur la nutrition, l\u2019alimentation du nourrisson et du jeune enfant. \u00ab Vous jouez un r\u00f4le important dans la promotion, la sensibilisation, la protection sur les meilleures options concernant la nutrition des m\u00e8res et des nourrissons. Vous constituez un maillot incontournable de la cha\u00eene dans le changement de comportement. Voil\u00e0 pourquoi ce prix \u00bb, a-t-il expliqu\u00e9. Pour cette premi\u00e8re \u00e9dition, Alive &amp; Thrive, UNICEF et IBFAN se sont engag\u00e9s \u00e0 accompagner le minist\u00e8re dans l\u2019attribution de ce prix et nous encourageons d\u2019autres partenaires \u00e0 le soutenir dans cette lanc\u00e9e, car les professionnels des m\u00e9dias, contribuent fortement au plaidoyer pour le soutien, la promotion et la protection de l\u2019allaitement maternel, a indiqu\u00e9 le directeur-pays de Alive &amp; Thrive, Maurice G\u00e9rald Zafimanjaka.<\/p>\n<p>Il a aussi signifi\u00e9 : \u00ab Nous sommes convaincus que les acteurs que vous \u00eates, constituent des agents de changement social de comportement, des partenaires s\u00fbrs en notre sens, pour faire bouger les lignes \u00e0 travers vos actions qui interpellent les d\u00e9cideurs, informent et sensibilisent les opinions \u00bb. A l\u2019issue de la c\u00e9r\u00e9monie, la 2e \u00e9dition du prix \u00ab N\u00eaema-Lobo \u00bb a \u00e9t\u00e9 lanc\u00e9e. Elle va concerner les \u0153uvres produites du 1er janvier 2021 au 31 d\u00e9cembre 2021.<\/p>\n<p style=\"text-align: right\"><strong>Abdel Aziz NABALOUM <\/strong><\/p>\n<p style=\"text-align: right\">emirathe@yahoo.fr<\/p>\n<p>L\u2019article <a rel=\"nofollow\" href=\"https:\/\/www.sidwaya.info\/blog\/2021\/08\/08\/prix-neema-lobo-afsetou-sawadogo-premiere-laureate-en-presse-ecrite\/\">Prix \u00ab N\u00eaema-Lobo \u00bb : Afsetou Sawadogo, premi\u00e8re  laur\u00e9ate en presse \u00e9crite<\/a> est apparu en premier sur <a rel=\"nofollow\" href=\"https:\/\/www.sidwaya.info\/\">Quotidien Sidwaya<\/a>.<\/p>\n<\/div>\n<p>Auteur: JK. Sidwaya<br \/>\n<a href=\"https:\/\/www.sidwaya.info\/blog\/2021\/08\/08\/prix-neema-lobo-afsetou-sawadogo-premiere-laureate-en-presse-ecrite\/\">Cliquez ici pour lire l&rsquo;article depuis sa source.<\/a><\/p>\n","protected":false},"excerpt":{"rendered":"<p>Le minist\u00e8re de la Sant\u00e9 et ses partenaires ont organis\u00e9, le vendredi 6 ao\u00fbt 2021, \u00e0 Ouagadougou, une c\u00e9r\u00e9monie de remise du prix \u00ab N\u00eaema-Lobo \u00bb de la meilleure production journalistique sur la nutrition maternelle et l\u2019alimentation du nourrisson et du jeune enfant. A l\u2019occasion, trois journalistes ont \u00e9t\u00e9 prim\u00e9s. Afsetou Sawadogo, journaliste aux Editions [&hellip;]<\/p>\n","protected":false},"author":1816,"featured_media":0,"comment_status":"closed","ping_status":"closed","sticky":false,"template":"","format":"standard","meta":{"fifu_image_url":"","fifu_image_alt":"","footnotes":""},"categories":[73,81],"tags":[],"class_list":["post-123626","post","type-post","status-publish","format-standard","hentry","category-actualite","category-burkina-faso"],"_links":{"self":[{"href":"https:\/\/linitiative.ca\/International\/wp-json\/wp\/v2\/posts\/123626","targetHints":{"allow":["GET"]}}],"collection":[{"href":"https:\/\/linitiative.ca\/International\/wp-json\/wp\/v2\/posts"}],"about":[{"href":"https:\/\/linitiative.ca\/International\/wp-json\/wp\/v2\/types\/post"}],"author":[{"embeddable":true,"href":"https:\/\/linitiative.ca\/International\/wp-json\/wp\/v2\/users\/1816"}],"replies":[{"embeddable":true,"href":"https:\/\/linitiative.ca\/International\/wp-json\/wp\/v2\/comments?post=123626"}],"version-history":[{"count":0,"href":"https:\/\/linitiative.ca\/International\/wp-json\/wp\/v2\/posts\/123626\/revisions"}],"wp:attachment":[{"href":"https:\/\/linitiative.ca\/International\/wp-json\/wp\/v2\/media?parent=123626"}],"wp:term":[{"taxonomy":"category","embeddable":true,"href":"https:\/\/linitiative.ca\/International\/wp-json\/wp\/v2\/categories?post=123626"},{"taxonomy":"post_tag","embeddable":true,"href":"https:\/\/linitiative.ca\/International\/wp-json\/wp\/v2\/tags?post=123626"}],"curies":[{"name":"wp","href":"https:\/\/api.w.org\/{rel}","templated":true}]}}