{"id":123627,"date":"2021-08-08T17:39:48","date_gmt":"2021-08-08T21:39:48","guid":{"rendered":"https:\/\/linitiative.ca\/International\/journee-nationale-de-larbre-gagner-le-combat-contre-la-desertification\/"},"modified":"2021-08-08T17:39:48","modified_gmt":"2021-08-08T21:39:48","slug":"journee-nationale-de-larbre-gagner-le-combat-contre-la-desertification","status":"publish","type":"post","link":"https:\/\/linitiative.ca\/International\/journee-nationale-de-larbre-gagner-le-combat-contre-la-desertification\/","title":{"rendered":"Journ\u00e9e nationale de l\u2019arbre : Gagner le combat contre la d\u00e9sertification"},"content":{"rendered":"<div>\n<p><strong>Le Pr\u00e9sident du Faso, Roch Marc Christian Kabor\u00e9, a pr\u00e9sid\u00e9 le samedi 7 juillet 2021 \u00e0 Ziniar\u00e9, la IIIe \u00e9dition de la Journ\u00e9e nationale de l\u2019arbre (JNA). A l\u2019occasion, il a mis en terre un baobab et appel\u00e9 ses concitoyens \u00e0 planter au moins 10 millions d\u2019arbres pour \u00ab gagner le combat contre la d\u00e9sertification \u00bb. <\/strong><\/p>\n<p>Le Pr\u00e9sident du Faso, Roch Marc Christian Kabor\u00e9, a engag\u00e9 chaque Burkinab\u00e8 \u00e0 planter un arbre. Dans le village de Boalin, dans la commune de Ziniar\u00e9, il a donn\u00e9 l\u2019exemple, le samedi 7 ao\u00fbt 2021, en mettant en terre un baobab, \u00e0 l\u2019occasion du lancement officiel de la IIIe \u00e9dition de la Journ\u00e9e nationale de l\u2019Arbre (JNA). \u00ab Notre ambition, cette ann\u00e9e, est de mettre en terre 10 millions de plants et j\u2019engage chaque Burkinab\u00e8 \u00e0 planter un arbre \u00bb, a-t-il affirm\u00e9. Pour lui, c\u2019est \u00e0 ce prix que le pays pr\u00e9servera ses ressources foresti\u00e8res et prot\u00e9gera les g\u00e9n\u00e9rations actuelles et futures, des effets du changement climatique. \u00ab Nous devons reverdir le Burkina Faso et apporter \u00e9galement notre contribution \u00e0 la lutte contre le changement climatique et gagner le combat contre la d\u00e9sertification \u00bb, a insist\u00e9 le chef de l\u2019Etat.<\/p>\n<p>Sur le site de Boalin, au moins 300 000 plants ont \u00e9t\u00e9 mis en terre. Dans la r\u00e9gion du Plateau central, au moins 600 000 arbres, constitu\u00e9s 75% d\u2019esp\u00e8ces locales et utilitaires, seront plant\u00e9s durant cette campagne de reforestation. Pour le pr\u00e9sident Kabor\u00e9, il ne faut pas seulement planter des arbres. \u00ab Il faut assurer leur entretien, il faut veiller \u00e0 ce que les animaux ne les mangent pas, que l\u2019homme ne soit pas responsable encore de sa destruction \u00bb, a-t-il fait remarquer. C\u2019est une autre paire de manches qui, selon lui, n\u00e9cessite beaucoup de sensibilisations et de prise de conscience au niveau des populations. Parce que, \u00e0 croire le pr\u00e9sident du Faso, la nature n\u2019est d\u00e9truite que par l\u2019homme. \u00ab Je pense que la r\u00e9p\u00e9tition que nous faisons chaque ann\u00e9e, va permettre de faire en sorte que cette prise de conscience soit enti\u00e8re \u00e0 tous les niveaux \u00bb, s\u2019est convaincu le pr\u00e9sident Kabor\u00e9.<\/p>\n<h3>\u00ab Un Burkinab\u00e8\u2026, un arbre\u2026 \u00bb<\/h3>\n<figure id=\"attachment_38320\" aria-describedby=\"caption-attachment-38320\" style=\"width: 300px\" class=\"wp-caption alignleft\"><img decoding=\"async\" loading=\"lazy\" class=\"size-medium wp-image-38320\" src=\"https:\/\/linitiative.ca\/International\/wp-content\/uploads\/sites\/23\/2021\/08\/reboisement2-300x165-1.jpg\" alt=\"\" width=\"300\" height=\"165\" srcset=\"https:\/\/linitiative.ca\/International\/wp-content\/uploads\/sites\/23\/2021\/08\/reboisement2-300x165-1.jpg 300w, https:\/\/www.sidwaya.info\/wp-content\/uploads\/2021\/08\/reboisement2-768x422.jpg 768w, https:\/\/www.sidwaya.info\/wp-content\/uploads\/2021\/08\/reboisement2-150x82.jpg 150w, https:\/\/www.sidwaya.info\/wp-content\/uploads\/2021\/08\/reboisement2-696x385.jpg 696w, https:\/\/www.sidwaya.info\/wp-content\/uploads\/2021\/08\/reboisement2-764x420.jpg 764w, https:\/\/www.sidwaya.info\/wp-content\/uploads\/2021\/08\/reboisement2.jpg 786w\" sizes=\"auto, (max-width: 300px) 100vw, 300px\"><figcaption id=\"caption-attachment-38320\" class=\"wp-caption-text\">Le chef de l\u2019Etat : \u00ab Notre ambition, cette ann\u00e9e, est de mettre en terre 10 millions de plants \u00bb.<\/figcaption><\/figure>\n<p>La pr\u00e9sente \u00e9dition de la JNA s\u2019est tenue sous le th\u00e8me : \u00ab Arbre, identit\u00e9 culturelle et coh\u00e9sion sociale \u00bb. Le ministre de l\u2019Environnement, de l\u2019Economie verte et du Changement climatique, Sim\u00e9on Sawadogo, a \u00e9voqu\u00e9 le caract\u00e8re symbolique de l\u2019arbre dans la r\u00e9solution des diff\u00e9rends entre les communaut\u00e9s et l\u2019a pr\u00e9sent\u00e9 comme un \u00e9l\u00e9ment d\u2019identit\u00e9 culturelle, en r\u00e9f\u00e9rence au th\u00e8me. Outre ses r\u00f4les socioculturels, les arbres participent \u00e0 la s\u00e9curit\u00e9 alimentaire et nutritionnelle, \u00e0 la restauration de la fertilit\u00e9 des sols, \u00e0 la sant\u00e9, \u00e0 la cr\u00e9ation d\u2019emplois et \u00e0 la lutte contre la pauvret\u00e9, foi du ministre Sawadogo. C\u2019est pourquoi, il a appel\u00e9 toutes les couches de la soci\u00e9t\u00e9 \u00e0 planter et \u00e0 entretenir les arbres.<\/p>\n<p>Il a invit\u00e9 notamment les \u00e9tablissements d\u2019enseignement \u00e0 r\u00e9activer les clubs \u00e9cologiques. \u00ab Je demande \u00e0 chaque Burkinab\u00e9 de planter chaque ann\u00e9e un arbre. Ce qui fera un gain de 20 millions d\u2019arbres au moins par an \u00bb, a insist\u00e9 le ministre en charge de l\u2019environnement. Avant l\u2019appel des autorit\u00e9s, des citoyens se distinguent d\u00e9j\u00e0 dans le reboisement. Onze (11) d\u2019entre eux ont \u00e9t\u00e9 d\u00e9cor\u00e9s dans l\u2019Ordre du m\u00e9rite du d\u00e9veloppement rural, avec agrafe Environnement, pour leurs efforts dans la promotion des bonnes pratiques en mati\u00e8re de pr\u00e9servation des ressources foresti\u00e8res et d\u2019am\u00e9lioration du cadre de vie. Le chef dozo, Ma\u00eetre Yacouba Drabo, r\u00e9cipiendaire, a lou\u00e9 l\u2019initiative du gouverne- ment qui l\u2019invite \u00e0 planter plus.<\/p>\n<p>\u00ab Nous connaissions l\u2019importance des arbres, parce que nous travaillons beaucoup avec les arbres, notamment pour la sant\u00e9, l\u2019alimentation. Mais depuis quelques ann\u00e9es, beaucoup d\u2019esp\u00e8ces disparaissent. C\u2019est pourquoi, nous plantons beaucoup et demandons aux autres de le faire \u00bb, a-t-il affirm\u00e9. Les meilleures produc- tions journalistiques et les collectivit\u00e9s territoriales, qui se sont illustr\u00e9es dans la protection de l\u2019environnement, ont \u00e9t\u00e9 \u00e9galement prim\u00e9es.<\/p>\n<p style=\"text-align: right\"><strong>Djakaridia SIRIBIE <\/strong><\/p>\n<p style=\"text-align: right\"><strong>Paul Ousmane COMPAORE<\/strong> (stagiaire)<\/p>\n<p>L\u2019article <a rel=\"nofollow\" href=\"https:\/\/www.sidwaya.info\/blog\/2021\/08\/08\/journee-nationale-de-larbre-gagner-le-combat-contre-la-desertification\/\">Journ\u00e9e nationale de l\u2019arbre : Gagner le combat contre la d\u00e9sertification<\/a> est apparu en premier sur <a rel=\"nofollow\" href=\"https:\/\/www.sidwaya.info\/\">Quotidien Sidwaya<\/a>.<\/p>\n<\/div>\n<p>Auteur: JK. Sidwaya<br \/>\n<a href=\"https:\/\/www.sidwaya.info\/blog\/2021\/08\/08\/journee-nationale-de-larbre-gagner-le-combat-contre-la-desertification\/\">Cliquez ici pour lire l&rsquo;article depuis sa source.<\/a><\/p>\n","protected":false},"excerpt":{"rendered":"<p>Le Pr\u00e9sident du Faso, Roch Marc Christian Kabor\u00e9, a pr\u00e9sid\u00e9 le samedi 7 juillet 2021 \u00e0 Ziniar\u00e9, la IIIe \u00e9dition de la Journ\u00e9e nationale de l\u2019arbre (JNA). A l\u2019occasion, il a mis en terre un baobab et appel\u00e9 ses concitoyens \u00e0 planter au moins 10 millions d\u2019arbres pour \u00ab gagner le combat contre la d\u00e9sertification [&hellip;]<\/p>\n","protected":false},"author":1816,"featured_media":0,"comment_status":"closed","ping_status":"closed","sticky":false,"template":"","format":"standard","meta":{"fifu_image_url":"https:\/\/www.sidwaya.info\/wp-content\/uploads\/2021\/08\/reboisement2-300x165.jpg","fifu_image_alt":"Journ\u00e9e nationale de l\u2019arbre : Gagner le combat contre la d\u00e9sertification","footnotes":""},"categories":[73,81],"tags":[],"class_list":["post-123627","post","type-post","status-publish","format-standard","hentry","category-actualite","category-burkina-faso"],"_links":{"self":[{"href":"https:\/\/linitiative.ca\/International\/wp-json\/wp\/v2\/posts\/123627","targetHints":{"allow":["GET"]}}],"collection":[{"href":"https:\/\/linitiative.ca\/International\/wp-json\/wp\/v2\/posts"}],"about":[{"href":"https:\/\/linitiative.ca\/International\/wp-json\/wp\/v2\/types\/post"}],"author":[{"embeddable":true,"href":"https:\/\/linitiative.ca\/International\/wp-json\/wp\/v2\/users\/1816"}],"replies":[{"embeddable":true,"href":"https:\/\/linitiative.ca\/International\/wp-json\/wp\/v2\/comments?post=123627"}],"version-history":[{"count":0,"href":"https:\/\/linitiative.ca\/International\/wp-json\/wp\/v2\/posts\/123627\/revisions"}],"wp:attachment":[{"href":"https:\/\/linitiative.ca\/International\/wp-json\/wp\/v2\/media?parent=123627"}],"wp:term":[{"taxonomy":"category","embeddable":true,"href":"https:\/\/linitiative.ca\/International\/wp-json\/wp\/v2\/categories?post=123627"},{"taxonomy":"post_tag","embeddable":true,"href":"https:\/\/linitiative.ca\/International\/wp-json\/wp\/v2\/tags?post=123627"}],"curies":[{"name":"wp","href":"https:\/\/api.w.org\/{rel}","templated":true}]}}