{"id":12363,"date":"2019-02-08T13:04:00","date_gmt":"2019-02-08T18:04:00","guid":{"rendered":"https:\/\/linitiative.ca\/International\/meurtre-de-letudiant-zimbabween-arrestation-de-3-suspects-a-annaba\/"},"modified":"2019-02-08T13:04:00","modified_gmt":"2019-02-08T18:04:00","slug":"meurtre-de-letudiant-zimbabween-arrestation-de-3-suspects-a-annaba","status":"publish","type":"post","link":"https:\/\/linitiative.ca\/International\/meurtre-de-letudiant-zimbabween-arrestation-de-3-suspects-a-annaba\/","title":{"rendered":"MEURTRE DE L\u2019ETUDIANT ZIMBABWEEN : Arrestation de  3 suspects \u00e0 Annaba"},"content":{"rendered":"<p><br id=\"sep_para_1\" class=\"sep_para access\"\/><\/p>\n<div id=\"para_1\" class=\"para_29120176 resize\">\n<div class=\"texte access firstletter\">\u00a0\u00ab La police de la wilaya d\u2019Annaba a arr\u00eat\u00e9 les trois auteurs du meurtre de l\u2019\u00e9tudiant zimbabw\u00e9en, agress\u00e9 et d\u00e9c\u00e9d\u00e9 le 5 f\u00e9vrier pass\u00e9 \u00bb a confi\u00e9 une source s\u00e9curitaire. Les services de police ont engag\u00e9 \u00ab de grands moyens humains et mat\u00e9riels \u00bb pour l\u2019arrestation des auteurs du crime. Notons que la wilaya d\u2019Annaba a \u00e9t\u00e9 secou\u00e9e dans la soir\u00e9e du 6 f\u00e9vrier \u00e0 l\u2019annonce de la mort d\u2019un jeune \u00e9tudiant de 26 ans. D\u2019origine zimbabw\u00e9enne, Ndudzu Prosper 26 ans, inscrit en 2e ann\u00e9e master \u00e9conomie, \u00e0 l\u2019universit\u00e9 Badji Mokhtar d\u2019Annaba a \u00e9t\u00e9 mortellement poignard\u00e9 par de jeunes alg\u00e9riens, mardi 5 f\u00e9vrier apr\u00e8s midi dans la commune de Sidi Amar (Annaba), a appris inter-lignes.com de sources s\u00e9curitaires locales. Alors que Prosper et deux de ses amis \u00e9taient \u00e0 la recherche de provisions pour pr\u00e9parer leur diner suite \u00e0 la fermeture du restaurant de la r\u00e9sidence universitaire, au lendemain d\u2019une gr\u00e8ve estudiantine, ses agresseurs, trois jeunes malfaiteurs, avaient tent\u00e9 de lui voler son portable. Sa r\u00e9sistance face \u00e0 ses assaillants n\u2019a pas emp\u00each\u00e9 l\u2019un des malfrats de lui taillader la jambe \u00e0 l\u2019aide d\u2019un couteau avant que l\u2019autre ne le poignarde au cou et prennent la fuite.\u00a0<\/div>\n<\/div>\n","protected":false},"excerpt":{"rendered":"<p>\u00a0\u00ab La police de la wilaya d\u2019Annaba a arr\u00eat\u00e9 les trois auteurs du meurtre de l\u2019\u00e9tudiant zimbabw\u00e9en, agress\u00e9 et d\u00e9c\u00e9d\u00e9 le 5 f\u00e9vrier pass\u00e9 \u00bb a confi\u00e9 une source s\u00e9curitaire. Les services de police ont engag\u00e9 \u00ab de grands moyens humains et mat\u00e9riels \u00bb pour l\u2019arrestation des auteurs du crime. Notons que la wilaya d\u2019Annaba [&hellip;]<\/p>\n","protected":false},"author":1740,"featured_media":0,"comment_status":"closed","ping_status":"closed","sticky":false,"template":"","format":"standard","meta":{"fifu_image_url":"","fifu_image_alt":"","footnotes":""},"categories":[53,76],"tags":[],"class_list":["post-12363","post","type-post","status-publish","format-standard","hentry","category-algerie","category-regions"],"_links":{"self":[{"href":"https:\/\/linitiative.ca\/International\/wp-json\/wp\/v2\/posts\/12363","targetHints":{"allow":["GET"]}}],"collection":[{"href":"https:\/\/linitiative.ca\/International\/wp-json\/wp\/v2\/posts"}],"about":[{"href":"https:\/\/linitiative.ca\/International\/wp-json\/wp\/v2\/types\/post"}],"author":[{"embeddable":true,"href":"https:\/\/linitiative.ca\/International\/wp-json\/wp\/v2\/users\/1740"}],"replies":[{"embeddable":true,"href":"https:\/\/linitiative.ca\/International\/wp-json\/wp\/v2\/comments?post=12363"}],"version-history":[{"count":0,"href":"https:\/\/linitiative.ca\/International\/wp-json\/wp\/v2\/posts\/12363\/revisions"}],"wp:attachment":[{"href":"https:\/\/linitiative.ca\/International\/wp-json\/wp\/v2\/media?parent=12363"}],"wp:term":[{"taxonomy":"category","embeddable":true,"href":"https:\/\/linitiative.ca\/International\/wp-json\/wp\/v2\/categories?post=12363"},{"taxonomy":"post_tag","embeddable":true,"href":"https:\/\/linitiative.ca\/International\/wp-json\/wp\/v2\/tags?post=12363"}],"curies":[{"name":"wp","href":"https:\/\/api.w.org\/{rel}","templated":true}]}}