{"id":123631,"date":"2021-08-07T18:18:01","date_gmt":"2021-08-07T22:18:01","guid":{"rendered":"https:\/\/linitiative.ca\/International\/covid-19-170-cas-et-3-deces-denombres-en-cote-divoire-samedi\/"},"modified":"2021-08-07T18:18:01","modified_gmt":"2021-08-07T22:18:01","slug":"covid-19-170-cas-et-3-deces-denombres-en-cote-divoire-samedi","status":"publish","type":"post","link":"https:\/\/linitiative.ca\/International\/covid-19-170-cas-et-3-deces-denombres-en-cote-divoire-samedi\/","title":{"rendered":"Covid-19 : 170 cas et 3 d\u00e9c\u00e8s d\u00e9nombr\u00e9s en C\u00f4te d\u2019Ivoire samedi"},"content":{"rendered":"<div>\n<p><img loading=\"lazy\" decoding=\"async\" width=\"512\" height=\"341\" src=\"https:\/\/linitiative.ca\/International\/wp-content\/uploads\/sites\/23\/2021\/08\/16283746821132.jpg\" class=\"attachment-post-thumbnail size-post-thumbnail wp-post-image\" alt=\"\" srcset=\"https:\/\/linitiative.ca\/International\/wp-content\/uploads\/sites\/23\/2021\/08\/16283746821132.jpg 512w, https:\/\/www.journalducameroun.com\/wp-content\/uploads\/2021\/08\/16283746821132-300x200.jpg 300w\" sizes=\"auto, (max-width: 512px) 100vw, 512px\"><\/p>\n<p>Quelques 170 nouveaux cas de covid-19 et 3 d\u00e9c\u00e8s ont \u00e9t\u00e9 d\u00e9nombr\u00e9s, samedi, en C\u00f4te d&rsquo;Ivoire o\u00f9 un regain de cette pand\u00e9mie est constat\u00e9 ces derniers jours.<\/p>\n<p>Dans un communiqu\u00e9 transmis \u00e0 APA, le minist\u00e8re de la Sant\u00e9, de l&rsquo;hygi\u00e8ne publique et de la Couverture maladie universelle annonce avoir \u00ab enregistr\u00e9 ce samedi 7 ao\u00fbt 2021, 170 nouveaux cas de Covid-19 sur 3 849 \u00e9chantillons pr\u00e9lev\u00e9s soit \u00a04,4 % de cas positifs, 128 gu\u00e9ris et 3 d\u00e9c\u00e8s \u00bb.<\/p>\n<p>A la date du 7 ao\u00fbt 2021, la C\u00f4te d&rsquo;Ivoire compte 51 198 cas confirm\u00e9s dont 49 917 personnes gu\u00e9ries, 341 d\u00e9c\u00e8s et 940 cas actifs. Le nombre total d&rsquo;\u00e9chantillons est de 809 144.<\/p>\n<p>Le 6 ao\u00fbt, 16 104 doses de vaccins contre la Covid-19 ont \u00e9t\u00e9 administr\u00e9es soit un total de 1 138 231 doses administr\u00e9es avec l&rsquo;ajout des 1 183 doses administr\u00e9es non comptabilis\u00e9es le 5 ao\u00fbt.<\/p>\n<p>\u00ab Le ministre de la Sant\u00e9, de l&rsquo;hygi\u00e8ne publique et de la Couverture maladie universelle invite toutes les personnes de plus de 18 ans \u00e0 se faire vacciner dans les centres de vaccination \u00bb, ajoute le texte, concluant que \u00ab la vaccination contre la Covid-19 est gratuite et volontaire \u00bb.<\/p>\n<p>Cet article <a rel=\"nofollow\" href=\"https:\/\/www.journalducameroun.com\/covid-19-170-cas-et-3-deces-denombres-en-cote-divoire-samedi\/\">Covid-19 : 170 cas et 3 d\u00e9c\u00e8s d\u00e9nombr\u00e9s en C\u00f4te d\u2019Ivoire samedi<\/a> est apparu en premier sur <a rel=\"nofollow\" href=\"https:\/\/www.journalducameroun.com\/\">Journal du Cameroun<\/a>.<\/p>\n<\/div>\n<p>Auteur: APA News<br \/>\n<a href=\"https:\/\/www.journalducameroun.com\/covid-19-170-cas-et-3-deces-denombres-en-cote-divoire-samedi\/\">Cliquez ici pour lire l&rsquo;article depuis sa source.<\/a><\/p>\n","protected":false},"excerpt":{"rendered":"<p>Quelques 170 nouveaux cas de covid-19 et 3 d\u00e9c\u00e8s ont \u00e9t\u00e9 d\u00e9nombr\u00e9s, samedi, en C\u00f4te d&rsquo;Ivoire o\u00f9 un regain de cette pand\u00e9mie est constat\u00e9 ces derniers jours. Dans un communiqu\u00e9 transmis \u00e0 APA, le minist\u00e8re de la Sant\u00e9, de l&rsquo;hygi\u00e8ne publique et de la Couverture maladie universelle annonce avoir \u00ab enregistr\u00e9 ce samedi 7 ao\u00fbt [&hellip;]<\/p>\n","protected":false},"author":1965,"featured_media":0,"comment_status":"closed","ping_status":"closed","sticky":false,"template":"","format":"standard","meta":{"fifu_image_url":"https:\/\/www.journalducameroun.com\/wp-content\/uploads\/2021\/08\/16283746821132.jpg","fifu_image_alt":"Covid-19 : 170 cas et 3 d\u00e9c\u00e8s d\u00e9nombr\u00e9s en C\u00f4te d\u2019Ivoire samedi","footnotes":""},"categories":[73,82],"tags":[],"class_list":["post-123631","post","type-post","status-publish","format-standard","hentry","category-actualite","category-cameroun"],"_links":{"self":[{"href":"https:\/\/linitiative.ca\/International\/wp-json\/wp\/v2\/posts\/123631","targetHints":{"allow":["GET"]}}],"collection":[{"href":"https:\/\/linitiative.ca\/International\/wp-json\/wp\/v2\/posts"}],"about":[{"href":"https:\/\/linitiative.ca\/International\/wp-json\/wp\/v2\/types\/post"}],"author":[{"embeddable":true,"href":"https:\/\/linitiative.ca\/International\/wp-json\/wp\/v2\/users\/1965"}],"replies":[{"embeddable":true,"href":"https:\/\/linitiative.ca\/International\/wp-json\/wp\/v2\/comments?post=123631"}],"version-history":[{"count":0,"href":"https:\/\/linitiative.ca\/International\/wp-json\/wp\/v2\/posts\/123631\/revisions"}],"wp:attachment":[{"href":"https:\/\/linitiative.ca\/International\/wp-json\/wp\/v2\/media?parent=123631"}],"wp:term":[{"taxonomy":"category","embeddable":true,"href":"https:\/\/linitiative.ca\/International\/wp-json\/wp\/v2\/categories?post=123631"},{"taxonomy":"post_tag","embeddable":true,"href":"https:\/\/linitiative.ca\/International\/wp-json\/wp\/v2\/tags?post=123631"}],"curies":[{"name":"wp","href":"https:\/\/api.w.org\/{rel}","templated":true}]}}