{"id":123633,"date":"2021-08-07T18:18:02","date_gmt":"2021-08-07T22:18:02","guid":{"rendered":"https:\/\/linitiative.ca\/International\/affaire-pegasus-le-maroc-va-engager-des-actions-en-justice-devant-les-tribunaux-espagnols\/"},"modified":"2021-08-07T18:18:02","modified_gmt":"2021-08-07T22:18:02","slug":"affaire-pegasus-le-maroc-va-engager-des-actions-en-justice-devant-les-tribunaux-espagnols","status":"publish","type":"post","link":"https:\/\/linitiative.ca\/International\/affaire-pegasus-le-maroc-va-engager-des-actions-en-justice-devant-les-tribunaux-espagnols\/","title":{"rendered":"Affaire Pegasus : le Maroc va engager des actions en justice devant les tribunaux espagnols"},"content":{"rendered":"<div>\n<p><img loading=\"lazy\" decoding=\"async\" width=\"299\" height=\"168\" src=\"https:\/\/linitiative.ca\/International\/wp-content\/uploads\/sites\/23\/2021\/08\/16283746822384.jpg\" class=\"attachment-post-thumbnail size-post-thumbnail wp-post-image\" alt=\"\" srcset=\"https:\/\/linitiative.ca\/International\/wp-content\/uploads\/sites\/23\/2021\/08\/16283746822384.jpg 299w, https:\/\/www.journalducameroun.com\/wp-content\/uploads\/2021\/08\/16283746822384-780x440.jpg 780w, https:\/\/www.journalducameroun.com\/wp-content\/uploads\/2021\/08\/16283746822384-380x215.jpg 380w, https:\/\/www.journalducameroun.com\/wp-content\/uploads\/2021\/08\/16283746822384-160x90.jpg 160w, https:\/\/www.journalducameroun.com\/wp-content\/uploads\/2021\/08\/16283746822384-240x135.jpg 240w\" sizes=\"auto, (max-width: 299px) 100vw, 299px\"><\/p>\n<p>Le Maroc va engager des actions en justice devant les tribunaux espagnols pour la publication et la diffusion r\u00e9p\u00e9t\u00e9es sur le territoire espagnol d&rsquo;all\u00e9gations mensong\u00e8res, malveillantes et diffamatoires contre le Royaume, et ce en relation avec \u00ab\u00a0un pr\u00e9tendu espionnage ill\u00e9gal de citoyens espagnols\u00a0\u00bb.\u00a0\u00bbLe Royaume du Maroc n&rsquo;a jamais acquis ou utilis\u00e9 le programme dit Pegasus. Les r\u00e9centes informations publi\u00e9es sur cette question sont fausses et malveillantes\u00a0\u00bb, pr\u00e9cise, samedi, un communiqu\u00e9 du cabinet d&rsquo;avocats Ernesto D\u00edaz-Bastien y Abogados, SLP (EDBA).<\/p>\n<p>\u00ab\u00a0Ceux qui pr\u00e9tendent le contraire devront en r\u00e9pondre devant la justice\u00a0\u00bb, fait observer la m\u00eame source.<\/p>\n<p>Ces actions en Espagne interviennent apr\u00e8s les proc\u00e9dures en diffamation d\u00e9j\u00e0 engag\u00e9es par le Maroc en France contre Amnesty International, Forbidden Stories, Le Monde, Mediapart et Radio France, et en Allemagne \u00e0 l&rsquo;encontre de la soci\u00e9t\u00e9 d&rsquo;\u00e9dition de journaux \u00ab\u00a0S\u00fcddeutsche Zeitung GmbH\u00a0\u00bb.<\/p>\n<p>En effet, le Maroc avait lanc\u00e9, le 22 juillet dernier, une premi\u00e8re proc\u00e9dure en diffamation contre Amnesty International et Forbidden Stories, les deux organisations \u00e0 l&rsquo;origine des accusations du Maroc d&rsquo;infiltration des t\u00e9l\u00e9phones de plusieurs personnalit\u00e9s publiques nationales et \u00e9trang\u00e8res \u00e0 travers le logiciel dit \u00ab\u00a0Pegasus\u00a0\u00bb.<\/p>\n<p>Le 28 juillet dernier, le Maroc avait introduit aupr\u00e8s de la justice fran\u00e7aise de nouvelles citations directes en diffamation contre le quotidien Le Monde et son directeur J\u00e9r\u00f4me Fenoglio, le site d&rsquo;information Mediapart et son patron Edwy Plenel, et Radio France.<\/p>\n<p>Le 02 ao\u00fbt, le Maroc, repr\u00e9sent\u00e9 par son ambassadeur \u00e0 Berlin, Mme Zohour Alaoui, a d\u00e9pos\u00e9, en Allemagne, une demande d&rsquo;injonction \u00e0 l&rsquo;encontre de la soci\u00e9t\u00e9 d&rsquo;\u00e9dition de journaux \u00ab\u00a0S\u00fcddeutsche Zeitung GmbH\u00a0\u00bb, pour \u00ab\u00a0all\u00e9gations mensong\u00e8res dans le cadre d&rsquo;un reportage sur l&rsquo;utilisation pr\u00e9sum\u00e9e du logiciel espion Pegasus par le Royaume du Maroc\u00a0\u00bb.<\/p>\n<p>Cet article <a rel=\"nofollow\" href=\"https:\/\/www.journalducameroun.com\/affaire-pegasus-le-maroc-va-engager-des-actions-en-justice-devant-les-tribunaux-espagnols\/\">Affaire Pegasus : le Maroc va engager des actions en justice devant les tribunaux espagnols<\/a> est apparu en premier sur <a rel=\"nofollow\" href=\"https:\/\/www.journalducameroun.com\/\">Journal du Cameroun<\/a>.<\/p>\n<\/div>\n<p>Auteur: APA News<br \/>\n<a href=\"https:\/\/www.journalducameroun.com\/affaire-pegasus-le-maroc-va-engager-des-actions-en-justice-devant-les-tribunaux-espagnols\/\">Cliquez ici pour lire l&rsquo;article depuis sa source.<\/a><\/p>\n","protected":false},"excerpt":{"rendered":"<p>Le Maroc va engager des actions en justice devant les tribunaux espagnols pour la publication et la diffusion r\u00e9p\u00e9t\u00e9es sur le territoire espagnol d&rsquo;all\u00e9gations mensong\u00e8res, malveillantes et diffamatoires contre le Royaume, et ce en relation avec \u00ab\u00a0un pr\u00e9tendu espionnage ill\u00e9gal de citoyens espagnols\u00a0\u00bb.\u00a0\u00bbLe Royaume du Maroc n&rsquo;a jamais acquis ou utilis\u00e9 le programme dit Pegasus. [&hellip;]<\/p>\n","protected":false},"author":1965,"featured_media":0,"comment_status":"closed","ping_status":"closed","sticky":false,"template":"","format":"standard","meta":{"fifu_image_url":"https:\/\/www.journalducameroun.com\/wp-content\/uploads\/2021\/08\/16283746822384.jpg","fifu_image_alt":"Affaire Pegasus : le Maroc va engager des actions en justice devant les tribunaux espagnols","footnotes":""},"categories":[73,82],"tags":[],"class_list":["post-123633","post","type-post","status-publish","format-standard","hentry","category-actualite","category-cameroun"],"_links":{"self":[{"href":"https:\/\/linitiative.ca\/International\/wp-json\/wp\/v2\/posts\/123633","targetHints":{"allow":["GET"]}}],"collection":[{"href":"https:\/\/linitiative.ca\/International\/wp-json\/wp\/v2\/posts"}],"about":[{"href":"https:\/\/linitiative.ca\/International\/wp-json\/wp\/v2\/types\/post"}],"author":[{"embeddable":true,"href":"https:\/\/linitiative.ca\/International\/wp-json\/wp\/v2\/users\/1965"}],"replies":[{"embeddable":true,"href":"https:\/\/linitiative.ca\/International\/wp-json\/wp\/v2\/comments?post=123633"}],"version-history":[{"count":0,"href":"https:\/\/linitiative.ca\/International\/wp-json\/wp\/v2\/posts\/123633\/revisions"}],"wp:attachment":[{"href":"https:\/\/linitiative.ca\/International\/wp-json\/wp\/v2\/media?parent=123633"}],"wp:term":[{"taxonomy":"category","embeddable":true,"href":"https:\/\/linitiative.ca\/International\/wp-json\/wp\/v2\/categories?post=123633"},{"taxonomy":"post_tag","embeddable":true,"href":"https:\/\/linitiative.ca\/International\/wp-json\/wp\/v2\/tags?post=123633"}],"curies":[{"name":"wp","href":"https:\/\/api.w.org\/{rel}","templated":true}]}}