{"id":123635,"date":"2021-08-08T09:18:02","date_gmt":"2021-08-08T13:18:02","guid":{"rendered":"https:\/\/linitiative.ca\/International\/lunjci-veut-une-subvention-directe-au-profit-des-medias-ivoiriens\/"},"modified":"2021-08-08T09:18:02","modified_gmt":"2021-08-08T13:18:02","slug":"lunjci-veut-une-subvention-directe-au-profit-des-medias-ivoiriens","status":"publish","type":"post","link":"https:\/\/linitiative.ca\/International\/lunjci-veut-une-subvention-directe-au-profit-des-medias-ivoiriens\/","title":{"rendered":"L\u2019Unjci veut une \u00ab\u00a0subvention directe\u00a0\u00bb au profit des m\u00e9dias ivoiriens"},"content":{"rendered":"<div>\n<p><img loading=\"lazy\" decoding=\"async\" width=\"800\" height=\"533\" src=\"https:\/\/linitiative.ca\/International\/wp-content\/uploads\/sites\/23\/2021\/08\/16284286822648.jpg\" class=\"attachment-post-thumbnail size-post-thumbnail wp-post-image\" alt=\"\" srcset=\"https:\/\/linitiative.ca\/International\/wp-content\/uploads\/sites\/23\/2021\/08\/16284286822648.jpg 800w, https:\/\/www.journalducameroun.com\/wp-content\/uploads\/2021\/08\/16284286822648-300x200.jpg 300w, https:\/\/www.journalducameroun.com\/wp-content\/uploads\/2021\/08\/16284286822648-768x512.jpg 768w, https:\/\/www.journalducameroun.com\/wp-content\/uploads\/2021\/08\/16284286822648-660x440.jpg 660w, https:\/\/www.journalducameroun.com\/wp-content\/uploads\/2021\/08\/16284286822648-600x400.jpg 600w\" sizes=\"auto, (max-width: 800px) 100vw, 800px\"><\/p>\n<p>Le pr\u00e9sident de l&rsquo;Union nationale des journalistes de C\u00f4te d&rsquo;Ivoire (Unjci), la fa\u00eeti\u00e8re de la presse ivoirienne, Jean-Claude Coulibaly, d\u00e9fend une \u00ab\u00a0subvention directe\u00a0\u00bb au profit des m\u00e9dias locaux.<\/p>\n<p>\u00ab\u00a0Le mod\u00e8le que nous proposons (\u00e0 l&rsquo;Etat pour soutenir la presse), c&rsquo;est la subvention directe\u00a0\u00bb, a dit samedi le pr\u00e9sident de l&rsquo;Unjci, lors d&rsquo;un d\u00e9jeuner confraternel organis\u00e9 par le R\u00e9seau des professionnels de la presse en ligne de C\u00f4te d&rsquo;Ivoire (Repprelci), \u00e0 l&rsquo;occasion de l&rsquo;an 61 de l&rsquo;ind\u00e9pendance.<\/p>\n<p>En France, dira-il, les entreprises de presse b\u00e9n\u00e9ficient de quatre subventions pour accompagner la pluralit\u00e9 et la libert\u00e9 de l&rsquo;expression. De ce fait, l&rsquo;Etat joue son r\u00f4le de favoriser un acc\u00e8s \u00e0 une information plurielle.<\/p>\n<p>M. Jean-Claude Coulibaly a fait observer que les partis politiques sont subventionn\u00e9s, souhaitant qu&rsquo;un budget soit arr\u00eat\u00e9 pour la presse et inscrit dans la loi des finances.<\/p>\n<p>\u00ab\u00a0La subvention directe peut sauver nos entreprises\u00a0\u00bb, a d\u00e9clar\u00e9 le pr\u00e9sident de l&rsquo;Unjci, \u00a0qui a toutefois fait remarquer que cet argent public n&rsquo;ira pas enrichir des individus, mais est sous le contr\u00f4le de la Cour des comptes.<\/p>\n<p>Pour ce faire, les journalistes et les professionnels des m\u00e9dias doivent se mettre ensemble pour faire aboutir cette cause. M. Coulibaly a d&rsquo;ailleurs rappel\u00e9 que l&rsquo;Unjci repose sur trois paliers, \u00ab\u00a0la confraternit\u00e9, la solidarit\u00e9 et la formation\u00a0\u00bb.<\/p>\n<p>Le pr\u00e9sident du Repprelci, Lassina Serm\u00e9, dont l&rsquo;organisation a offert ce d\u00e9jeuner dans un cadre en bordure de lagune, a indiqu\u00e9 que ce moment visait \u00e0 cr\u00e9er davantage de confraternit\u00e9 entre les journalistes.<\/p>\n<p>Guillaume Gbato, le Secr\u00e9taire g\u00e9n\u00e9ral du Syndicat national des professionnels de la presse en C\u00f4te d&rsquo;Ivoire (Synappci), a illustr\u00e9 que le secteur des m\u00e9dias est dans un seul bateau, c&rsquo;est pourquoi les acteurs devraient \u00eatre soud\u00e9s.<\/p>\n<p>Il a r\u00e9v\u00e9l\u00e9 que le secteur des m\u00e9dias en C\u00f4te d&rsquo;Ivoire est sinistr\u00e9 et la moyenne des arri\u00e9r\u00e9s de salaires est de 10 mois avec des pics allant au-del\u00e0 de 30 mois d&rsquo;arri\u00e9r\u00e9s de salaires.<\/p>\n<p>\u00ab\u00a0Tant que les journalistes ne sont pas bien trait\u00e9s, on aura pas des journalistes de qualit\u00e9\u00a0\u00bb, a martel\u00e9 M. Guillaume Gbato, qui invite les professionnels des m\u00e9dias \u00e0 accro\u00eetre leur valeur sur le march\u00e9 par la formation.<\/p>\n<p>M. Jean-Claude Coulibaly a \u00e9voqu\u00e9 le mod\u00e8le d&rsquo;aide de la presse au S\u00e9n\u00e9galais, qu&rsquo;il souhaitait pour la C\u00f4te d&rsquo;Ivoire, selon le contexte du pays. Pour b\u00e9n\u00e9ficier de l&rsquo;aide de l&rsquo;Etat \u00e0 la presse au S\u00e9n\u00e9gal, des crit\u00e8res sont fix\u00e9s.<\/p>\n<p>Pour la presse \u00e9crite, il est requis au m\u00e9dia de tirer au moins 2000 exemplaires et employer un minimum de cinq journalistes, techniciens de la communication sociale \u00e0 plein temps ; consacrer au moins 75% de sa surface \u00e0 l&rsquo;information politique, \u00e9conomique, sociale, culturelle ou sportive.<\/p>\n<p>En outre, \u00a0le m\u00e9dia devra tirer au moins un tiers de ses ressources de la vente, de la publicit\u00e9, des abonnements et des souscriptions ou collecte. Ces dispositions ne s&rsquo;appliquent pas \u00e0 la presse locale (r\u00e9gionale ou d\u00e9partementale).<\/p>\n<p>Quant au secteur audiovisuel, les conditions d&rsquo;acc\u00e8s \u00e0 l&rsquo;aide de l&rsquo;Etat indiquent qu&rsquo;il faut \u00eatre diffus\u00e9 sur au moins l&rsquo;\u00e9tendue d&rsquo;une r\u00e9gion administrative ; employer au moins cinq journalistes ou techniciens de la communication sociale \u00e0 plein temps et respecter les cahiers de charges<\/p>\n<p>\u00ab\u00a0Ces dispositions font r\u00e9f\u00e9rence aux obligations techniques, \u00e0 celles relatives aux contr\u00f4les, aux finances, \u00a0aux programmes, \u00e0 la publicit\u00e9 et au parrainage, \u00e0 la sauvegarde du pluralisme et au droit de r\u00e9ponse, etc\u00a0\u00bb, mentionnent la r\u00e9glementation.<\/p>\n<p>Cr\u00e9\u00e9 en 2006, le Repprelci regroupe les acteurs de la presse num\u00e9rique en C\u00f4te d&rsquo;Ivoire. Cette fa\u00eeti\u00e8re des m\u00e9dias num\u00e9riques ivoiriens s&rsquo;est donn\u00e9e pour mission d&rsquo;organiser, structurer et promouvoir la presse num\u00e9rique en C\u00f4te d&rsquo;Ivoire.<\/p>\n<p>Cet article <a rel=\"nofollow\" href=\"https:\/\/www.journalducameroun.com\/lunjci-veut-une-subvention-directe-au-profit-des-medias-ivoiriens\/\">L\u2019Unjci veut une \u00ab\u00a0subvention directe\u00a0\u00bb au profit des m\u00e9dias ivoiriens<\/a> est apparu en premier sur <a rel=\"nofollow\" href=\"https:\/\/www.journalducameroun.com\/\">Journal du Cameroun<\/a>.<\/p>\n<\/div>\n<p>Auteur: APA News<br \/>\n<a href=\"https:\/\/www.journalducameroun.com\/lunjci-veut-une-subvention-directe-au-profit-des-medias-ivoiriens\/\">Cliquez ici pour lire l&rsquo;article depuis sa source.<\/a><\/p>\n","protected":false},"excerpt":{"rendered":"<p>Le pr\u00e9sident de l&rsquo;Union nationale des journalistes de C\u00f4te d&rsquo;Ivoire (Unjci), la fa\u00eeti\u00e8re de la presse ivoirienne, Jean-Claude Coulibaly, d\u00e9fend une \u00ab\u00a0subvention directe\u00a0\u00bb au profit des m\u00e9dias locaux. \u00ab\u00a0Le mod\u00e8le que nous proposons (\u00e0 l&rsquo;Etat pour soutenir la presse), c&rsquo;est la subvention directe\u00a0\u00bb, a dit samedi le pr\u00e9sident de l&rsquo;Unjci, lors d&rsquo;un d\u00e9jeuner confraternel organis\u00e9 [&hellip;]<\/p>\n","protected":false},"author":1965,"featured_media":0,"comment_status":"closed","ping_status":"closed","sticky":false,"template":"","format":"standard","meta":{"fifu_image_url":"https:\/\/www.journalducameroun.com\/wp-content\/uploads\/2021\/08\/16284286822648.jpg","fifu_image_alt":"L\u2019Unjci veut une \u00ab\u00a0subvention directe\u00a0\u00bb au profit des m\u00e9dias ivoiriens","footnotes":""},"categories":[73,82],"tags":[],"class_list":["post-123635","post","type-post","status-publish","format-standard","hentry","category-actualite","category-cameroun"],"_links":{"self":[{"href":"https:\/\/linitiative.ca\/International\/wp-json\/wp\/v2\/posts\/123635","targetHints":{"allow":["GET"]}}],"collection":[{"href":"https:\/\/linitiative.ca\/International\/wp-json\/wp\/v2\/posts"}],"about":[{"href":"https:\/\/linitiative.ca\/International\/wp-json\/wp\/v2\/types\/post"}],"author":[{"embeddable":true,"href":"https:\/\/linitiative.ca\/International\/wp-json\/wp\/v2\/users\/1965"}],"replies":[{"embeddable":true,"href":"https:\/\/linitiative.ca\/International\/wp-json\/wp\/v2\/comments?post=123635"}],"version-history":[{"count":0,"href":"https:\/\/linitiative.ca\/International\/wp-json\/wp\/v2\/posts\/123635\/revisions"}],"wp:attachment":[{"href":"https:\/\/linitiative.ca\/International\/wp-json\/wp\/v2\/media?parent=123635"}],"wp:term":[{"taxonomy":"category","embeddable":true,"href":"https:\/\/linitiative.ca\/International\/wp-json\/wp\/v2\/categories?post=123635"},{"taxonomy":"post_tag","embeddable":true,"href":"https:\/\/linitiative.ca\/International\/wp-json\/wp\/v2\/tags?post=123635"}],"curies":[{"name":"wp","href":"https:\/\/api.w.org\/{rel}","templated":true}]}}