{"id":12364,"date":"2019-02-08T13:10:00","date_gmt":"2019-02-08T18:10:00","guid":{"rendered":"https:\/\/linitiative.ca\/International\/bassin-laitier-del-hassiane-40-projets-agrees-pour-lelevage-bovin\/"},"modified":"2019-02-08T13:10:00","modified_gmt":"2019-02-08T18:10:00","slug":"bassin-laitier-del-hassiane-40-projets-agrees-pour-lelevage-bovin","status":"publish","type":"post","link":"https:\/\/linitiative.ca\/International\/bassin-laitier-del-hassiane-40-projets-agrees-pour-lelevage-bovin\/","title":{"rendered":"BASSIN LAITIER D\u2019EL HASSIANE : 40 projets agr\u00e9\u00e9s pour l\u2019\u00e9levage bovin"},"content":{"rendered":"<p><br id=\"sep_para_1\" class=\"sep_para access\"\/><\/p>\n<div id=\"para_1\" class=\"para_29120265 resize\">\n<div class=\"photo shadow left\"><a href=\"javascript:void(0)\" rel=\"https:\/\/www.reflexiondz.net\/photo\/art\/grande\/30541921-29120265.jpg?v=1549650622&#038;ibox\" title=\"BASSIN LAITIER D\u2019EL HASSIANE : 40 projets agr\u00e9\u00e9s pour l\u2019\u00e9levage bovin\"><img decoding=\"async\" class=\"responsive c9\" src=\"https:\/\/www.reflexiondz.net\/photo\/art\/grande\/30541921-29120265.jpg?v=1549650622\" alt=\"BASSIN LAITIER D\u2019EL HASSIANE : 40 projets agr\u00e9\u00e9s pour l\u2019\u00e9levage bovin\" title=\"BASSIN LAITIER D\u2019EL HASSIANE : 40 projets agr\u00e9\u00e9s pour l\u2019\u00e9levage bovin\"\/><img decoding=\"async\" class=\"not-responsive\" src=\"https:\/\/www.reflexiondz.net\/photo\/art\/default\/30541921-29120265.jpg?v=1549650624\" alt=\"BASSIN LAITIER D\u2019EL HASSIANE : 40 projets agr\u00e9\u00e9s pour l\u2019\u00e9levage bovin\" title=\"BASSIN LAITIER D\u2019EL HASSIANE : 40 projets agr\u00e9\u00e9s pour l\u2019\u00e9levage bovin\"\/><\/a><\/div>\n<div class=\"texte access firstletter\">Une quarantaine de projets, destin\u00e9s \u00e0 l\u2019\u00e9levage bovin et \u00e0 la production laiti\u00e8re ont \u00e9t\u00e9 agr\u00e9\u00e9s pour le bassin laitier d\u2019El Hassiane, selon la d\u00e9claration du wali de Mostaganem, M.Rabehi Mohamed Abdenour, lors de sa derni\u00e8re inspection effectu\u00e9e le jeudi 07 F\u00e9vrier 2017, au sein du dit bassin. A\u00a0 ce sujet, et en marge de sa tourn\u00e9e o\u00f9 le chef de l\u2019ex\u00e9cutif a eu \u00e0 s\u2019enqu\u00e9rir de l\u2019\u00e9tat d\u2019avancement de quelques projets lanc\u00e9s, il a ajout\u00e9 que l\u2019Etat a consacr\u00e9 l\u2019\u00e9quivalent d\u2019un milliard de dinars pour offrir\u00a0 aux investisseurs du bassin, toutes les conditions n\u00e9cessaires pour lancer leurs projets\u00a0 qui permettra de produire\u00a0 annuellement\u00a0 20 millions de litres de lait, et g\u00e9n\u00e9rer\u00a0 2.800 postes d\u2019emploi permanents . Cette enveloppe\u00a0 a permis d\u2019am\u00e9nager le lieu par la cr\u00e9ation de pistes et de rues,\u00a0 la mise en place de tous les r\u00e9seaux n\u00e9cessaires \u00e0 son fonctionnement, dont l\u2019eau, l\u2019assainissement et\u00a0 l\u2019\u00e9lectricit\u00e9 et la protection contre les inondations du bassin qui\u00a0 s\u2019\u00e9tend sur une superficie globale de 1.800 hectares.\u00a0\u00a0\u00a0\u00a0\u00a0\u00a0\u00a0\u00a0<\/div>\n<\/div>\n","protected":false},"excerpt":{"rendered":"<p>Une quarantaine de projets, destin\u00e9s \u00e0 l\u2019\u00e9levage bovin et \u00e0 la production laiti\u00e8re ont \u00e9t\u00e9 agr\u00e9\u00e9s pour le bassin laitier d\u2019El Hassiane, selon la d\u00e9claration du wali de Mostaganem, M.Rabehi Mohamed Abdenour, lors de sa derni\u00e8re inspection effectu\u00e9e le jeudi 07 F\u00e9vrier 2017, au sein du dit bassin. A\u00a0 ce sujet, et en marge de [&hellip;]<\/p>\n","protected":false},"author":1740,"featured_media":0,"comment_status":"closed","ping_status":"closed","sticky":false,"template":"","format":"standard","meta":{"fifu_image_url":"","fifu_image_alt":"","footnotes":""},"categories":[53,76],"tags":[],"class_list":["post-12364","post","type-post","status-publish","format-standard","hentry","category-algerie","category-regions"],"_links":{"self":[{"href":"https:\/\/linitiative.ca\/International\/wp-json\/wp\/v2\/posts\/12364","targetHints":{"allow":["GET"]}}],"collection":[{"href":"https:\/\/linitiative.ca\/International\/wp-json\/wp\/v2\/posts"}],"about":[{"href":"https:\/\/linitiative.ca\/International\/wp-json\/wp\/v2\/types\/post"}],"author":[{"embeddable":true,"href":"https:\/\/linitiative.ca\/International\/wp-json\/wp\/v2\/users\/1740"}],"replies":[{"embeddable":true,"href":"https:\/\/linitiative.ca\/International\/wp-json\/wp\/v2\/comments?post=12364"}],"version-history":[{"count":0,"href":"https:\/\/linitiative.ca\/International\/wp-json\/wp\/v2\/posts\/12364\/revisions"}],"wp:attachment":[{"href":"https:\/\/linitiative.ca\/International\/wp-json\/wp\/v2\/media?parent=12364"}],"wp:term":[{"taxonomy":"category","embeddable":true,"href":"https:\/\/linitiative.ca\/International\/wp-json\/wp\/v2\/categories?post=12364"},{"taxonomy":"post_tag","embeddable":true,"href":"https:\/\/linitiative.ca\/International\/wp-json\/wp\/v2\/tags?post=12364"}],"curies":[{"name":"wp","href":"https:\/\/api.w.org\/{rel}","templated":true}]}}