{"id":123640,"date":"2021-08-09T10:00:52","date_gmt":"2021-08-09T14:00:52","guid":{"rendered":"https:\/\/linitiative.ca\/International\/35-millions-dh-pour-le-projet-deco-quartier-de-marchan-a-tanger\/"},"modified":"2021-08-09T10:00:52","modified_gmt":"2021-08-09T14:00:52","slug":"35-millions-dh-pour-le-projet-deco-quartier-de-marchan-a-tanger","status":"publish","type":"post","link":"https:\/\/linitiative.ca\/International\/35-millions-dh-pour-le-projet-deco-quartier-de-marchan-a-tanger\/","title":{"rendered":"35 millions DH pour le projet d\u2019\u00e9co-quartier de Marchan \u00e0 Tanger"},"content":{"rendered":"<div>\n<p><img decoding=\"async\" width=\"300\" height=\"153\" src=\"https:\/\/linitiative.ca\/International\/wp-content\/uploads\/sites\/23\/2021\/08\/quartier-Marshan-300x153-1.jpg\" class=\"attachment-medium size-medium wp-post-image\" alt=\"\" loading=\"lazy\" srcset=\"\/\/aujourdhui.ma\/wp-content\/uploads\/2021\/08\/quartier-Marshan-300x153.jpg 300w, \/\/aujourdhui.ma\/wp-content\/uploads\/2021\/08\/quartier-Marshan-274x140.jpg 274w, \/\/aujourdhui.ma\/wp-content\/uploads\/2021\/08\/quartier-Marshan.jpg 746w, \/\/aujourdhui.ma\/wp-content\/uploads\/2021\/08\/quartier-Marshan-165x84.jpg 165w, \/\/aujourdhui.ma\/wp-content\/uploads\/2021\/08\/quartier-Marshan-702x358.jpg 702w\" sizes=\"auto, (max-width: 300px) 100vw, 300px\"><\/p>\n<p><span style=\"color: #800000; font-size: 18px;\"><strong>S\u2019inspirant des exp\u00e9riences r\u00e9ussies des villes les plus \u00e9co-responsables \u00e0 travers le monde<\/strong><\/span><span id=\"more-383610\"><\/span><\/p>\n<p>\u00a0<\/p>\n<p>Tanger veut se lancer dans de nouveaux projets d\u2019am\u00e9nagement urbain \u00e0 haute performance environnementale. A cet effet, elle b\u00e9n\u00e9ficiera d\u2019un projet pilote d\u2019am\u00e9nagement d\u2019\u00e9co-quartier de Marchan, s\u2019inspirant ainsi des exp\u00e9riences r\u00e9ussies des villes modernes et les plus \u00e9co-responsables \u00e0 travers le monde. D\u2019une enveloppe budg\u00e9taire de quelque 35 millions de dirhams, ce projet est le fruit d\u2019une convention-cadre liant le minist\u00e8re de l\u2019am\u00e9nagement du territoire national, de l\u2019urbanisme, de l\u2019habitat et de la politique de la ville \u00e0 la wilaya, la soci\u00e9t\u00e9 Al Omrane et l\u2019Agence urbaine de Tanger ainsi que le Conseil r\u00e9gional de Tanger-T\u00e9touan-Al Hoceima (CR-TTA) et celui de la commune de Tanger. Selon ce partenariat, dont les dispositions avaient \u00e9t\u00e9 approuv\u00e9es lors de la derni\u00e8re session ordinaire du CR-TTA (au titre du mois de juillet), le futur \u00e9co-quartier de Marchan- qui sera r\u00e9alis\u00e9 dans le cadre de la mise en \u0153uvre du programme national de l\u2019urbanisme durable- permet de renforcer les diff\u00e9rentes mesures visant d\u2019anticiper et de s\u2019adapter aux effets des changements climatiques.<\/p>\n<p><span style=\"color: #ff0000;\"><strong>Une trentaine de chantiers pr\u00e9vue<\/strong><\/span><\/p>\n<p>Port\u00e9 par la soci\u00e9t\u00e9 Al Omrane, ce projet pr\u00e9voit la r\u00e9alisation d\u2019une trentaine de chantiers en rapport avec les objectifs principaux des villes modernes et \u00e9co-responsables. Dans ce sens, il permettra de contribuer au d\u00e9veloppement \u00e9conomique local en respect de l\u2019environnement. Il aidera \u00e0 favoriser la num\u00e9risation et la mise en place des programmes d\u2019\u00e9ducation et de sensibilisation sur l\u2019\u00e9co-citoyennet\u00e9. Il sera \u00e0 l\u2019origine de la r\u00e9alisation de nouvelles routes ou la r\u00e9habilitation et l\u2019\u00e9largissement d\u2019autres d\u00e9j\u00e0 existantes. Il pr\u00e9voit l\u2019am\u00e9lioration de la qualit\u00e9 de logements et la mise en place des infrastructures publiques ou l\u2019am\u00e9nagement et l\u2019embellissement des espaces verts et des places publiques. Il s\u2019agit \u00e9galement d\u2019assurer la pr\u00e9servation des ressources naturelles et des \u00e9conomies d\u2019\u00e9nergie au sein du future quartier durable.<\/p>\n<div class=\"mom_images_grid mom_images_3_cols\">\n<ul class=\"galleryslider\">\n<li class=\"first\"><a href=\"https:\/\/aujourdhui.ma\/wp-content\/uploads\/2021\/08\/1-Quartier-Mershaan.jpg\" data-title=\"\" title=\"1 Quartier Mershaan\"><img decoding=\"async\" alt=\"1 Quartier Mershaan\" src=\"https:\/\/linitiative.ca\/International\/wp-content\/uploads\/sites\/23\/2021\/08\/1-Quartier-Mershaan-746x380-1.jpg\"><\/a><\/li>\n<li class=\"\"><a href=\"https:\/\/aujourdhui.ma\/wp-content\/uploads\/2021\/08\/2-Quartier-Mershaan.jpg\" data-title=\"\" title=\"2 Quartier Mershaan\"><img decoding=\"async\" alt=\"2 Quartier Mershaan\" src=\"https:\/\/linitiative.ca\/International\/wp-content\/uploads\/sites\/23\/2021\/08\/2-Quartier-Mershaan-746x380-1.jpg\"><\/a><\/li>\n<\/ul>\n<\/div>\n<p><strong><span style=\"color: #ff0000;\">Autres projets environnementaux<\/span> <\/strong><\/p>\n<p>En plus de l\u2019\u00e9co-quartier Marchan, la pr\u00e9fecture de Tanger-Asilah b\u00e9n\u00e9ficiera d\u2019autres projets environnementaux gr\u00e2ce \u00e0 des conventions liant plusieurs d\u00e9partements institutionnels, de la wilaya et des conseils \u00e9lus. Parmi les plus importants d\u2019entre eux, figure celui de la r\u00e9utilisation des eaux us\u00e9es trait\u00e9es pour l\u2019arrosage des espaces verts de la ville du d\u00e9troit. D\u2019un co\u00fbt global de 124 millions de dirhams, ce projet cible les principaux espaces verts non desservis, dans le cadre de la convention de 2016 conclue avec Amendis, \u00e0 partir des eaux us\u00e9es trait\u00e9es issues plus pr\u00e9cis\u00e9ment de la station d\u2019\u00e9puration de Boukhalef.<\/p>\n<p>Tanger conna\u00eetra la r\u00e9alisation d\u2019une op\u00e9ration de v\u00e9g\u00e9talisation de l\u2019ancienne d\u00e9charge publique de Mghogha. D\u2019une enveloppe budg\u00e9taire globale de 21 millions de dirhams, ce projet vise \u00e0 pr\u00e9server l\u2019environnement \u00e0 travers la cr\u00e9ation d\u2019un espace vert et un cadre de vie ad\u00e9quat aux populations, tout en contribuant au renforcement de l\u2019attractivit\u00e9 de la ville.<\/p>\n<\/div>\n<p>Auteur: Najat Fa\u00efssal<br \/>\n<a href=\"https:\/\/aujourdhui.ma\/economie\/35-millions-dh-pour-le-projet-deco-quartier-de-marchan-a-tanger\">Cliquez ici pour lire l&rsquo;article depuis sa source.<\/a><\/p>\n","protected":false},"excerpt":{"rendered":"<p>S\u2019inspirant des exp\u00e9riences r\u00e9ussies des villes les plus \u00e9co-responsables \u00e0 travers le monde \u00a0 Tanger veut se lancer dans de nouveaux projets d\u2019am\u00e9nagement urbain \u00e0 haute performance environnementale. A cet effet, elle b\u00e9n\u00e9ficiera d\u2019un projet pilote d\u2019am\u00e9nagement d\u2019\u00e9co-quartier de Marchan, s\u2019inspirant ainsi des exp\u00e9riences r\u00e9ussies des villes modernes et les plus \u00e9co-responsables \u00e0 travers le [&hellip;]<\/p>\n","protected":false},"author":1759,"featured_media":0,"comment_status":"closed","ping_status":"closed","sticky":false,"template":"","format":"standard","meta":{"fifu_image_url":"https:\/\/aujourdhui.ma\/wp-content\/uploads\/2021\/08\/quartier-Marshan-300x153.jpg","fifu_image_alt":"35 millions DH pour le projet d\u2019\u00e9co-quartier de Marchan \u00e0 Tanger","footnotes":""},"categories":[73,54],"tags":[],"class_list":["post-123640","post","type-post","status-publish","format-standard","hentry","category-actualite","category-maroc"],"_links":{"self":[{"href":"https:\/\/linitiative.ca\/International\/wp-json\/wp\/v2\/posts\/123640","targetHints":{"allow":["GET"]}}],"collection":[{"href":"https:\/\/linitiative.ca\/International\/wp-json\/wp\/v2\/posts"}],"about":[{"href":"https:\/\/linitiative.ca\/International\/wp-json\/wp\/v2\/types\/post"}],"author":[{"embeddable":true,"href":"https:\/\/linitiative.ca\/International\/wp-json\/wp\/v2\/users\/1759"}],"replies":[{"embeddable":true,"href":"https:\/\/linitiative.ca\/International\/wp-json\/wp\/v2\/comments?post=123640"}],"version-history":[{"count":0,"href":"https:\/\/linitiative.ca\/International\/wp-json\/wp\/v2\/posts\/123640\/revisions"}],"wp:attachment":[{"href":"https:\/\/linitiative.ca\/International\/wp-json\/wp\/v2\/media?parent=123640"}],"wp:term":[{"taxonomy":"category","embeddable":true,"href":"https:\/\/linitiative.ca\/International\/wp-json\/wp\/v2\/categories?post=123640"},{"taxonomy":"post_tag","embeddable":true,"href":"https:\/\/linitiative.ca\/International\/wp-json\/wp\/v2\/tags?post=123640"}],"curies":[{"name":"wp","href":"https:\/\/api.w.org\/{rel}","templated":true}]}}