{"id":123644,"date":"2021-08-09T10:45:26","date_gmt":"2021-08-09T14:45:26","guid":{"rendered":"https:\/\/linitiative.ca\/International\/au-1er-semestre-2021-auto-hall-consolide-son-chiffre-daffaires-de-28-mmdh\/"},"modified":"2021-08-09T10:45:26","modified_gmt":"2021-08-09T14:45:26","slug":"au-1er-semestre-2021-auto-hall-consolide-son-chiffre-daffaires-de-28-mmdh","status":"publish","type":"post","link":"https:\/\/linitiative.ca\/International\/au-1er-semestre-2021-auto-hall-consolide-son-chiffre-daffaires-de-28-mmdh\/","title":{"rendered":"Au 1er semestre 2021 : Auto Hall consolide son chiffre d\u2019affaires de 2,8 MMDH"},"content":{"rendered":"<div>\n<p><img decoding=\"async\" width=\"300\" height=\"153\" src=\"https:\/\/linitiative.ca\/International\/wp-content\/uploads\/sites\/23\/2021\/08\/Auto-Hall-300x153-1.jpg\" class=\"attachment-medium size-medium wp-post-image\" alt=\"\" loading=\"lazy\" srcset=\"\/\/aujourdhui.ma\/wp-content\/uploads\/2017\/09\/Auto-Hall-300x153.jpg 300w, \/\/aujourdhui.ma\/wp-content\/uploads\/2017\/09\/Auto-Hall.jpg 746w\" sizes=\"auto, (max-width: 300px) 100vw, 300px\"><\/p>\n<p><span style=\"color: #800000;\"><strong>Le Groupe Auto Hall r\u00e9alise de bonnes performances.<\/strong> <\/span><span id=\"more-383615\"><\/span><\/p>\n<p>Le chiffre d\u2019affaires (CA) consolid\u00e9 au titre du premier semestre 2021 (S1-2021) s\u2019est \u00e9tabli \u00e0 2,828 milliards de dirhams (MMDH). C\u2019est ce qui ressort des indicateurs trimestriels du Groupe qui pr\u00e9cise que ce chiffre d\u2019affaires s\u2019affiche ainsi en croissance de 34% par rapport au S1-2019 et de 129% par rapport au S1-2020. Selon la m\u00eame source, le march\u00e9 automobile VP\/VUL (voitures particuli\u00e8res\/v\u00e9hicules utilitaires l\u00e9gers) a affich\u00e9 un retour \u00e0 la croissance avec une hausse de 16% par rapport au S1-2019 et de 105% par rapport au S1 2020. \u00abAffect\u00e9e par l\u2019arriv\u00e9e de la pand\u00e9mie de Covid-19 en mars 2020, l\u2019activit\u00e9 du Groupe Auto Hall a \u00e9t\u00e9 marqu\u00e9e par une bonne performance commerciale traduite par une augmentation des quantit\u00e9s avec l\u2019am\u00e9lioration de la part de march\u00e9 VP\/VUL \u00e0 14,1%\u00bb, ajoute la structure.<\/p>\n<p>Compte tenu des bonnes performances commerciales et de l\u2019enregistrement d\u2019une plus-value de cession d\u2019immobilisation, les b\u00e9n\u00e9fices attendus en social et consolid\u00e9 sont en nette hausse par rapport \u00e0 ceux de 2019 et de 2020.<br \/>\nQuant aux investissements, le march\u00e9 a connu la poursuite du d\u00e9veloppement du r\u00e9seau avec l\u2019acquisition de nouveaux terrains et la construction de nouvelles succursales.<\/p>\n<\/div>\n<p>Auteur: ALM<br \/>\n<a href=\"https:\/\/aujourdhui.ma\/economie\/au-1er-semestre-2021-auto-hall-consolide-son-chiffre-daffaires-de-28-mmdh\">Cliquez ici pour lire l&rsquo;article depuis sa source.<\/a><\/p>\n","protected":false},"excerpt":{"rendered":"<p>Le Groupe Auto Hall r\u00e9alise de bonnes performances. Le chiffre d\u2019affaires (CA) consolid\u00e9 au titre du premier semestre 2021 (S1-2021) s\u2019est \u00e9tabli \u00e0 2,828 milliards de dirhams (MMDH). C\u2019est ce qui ressort des indicateurs trimestriels du Groupe qui pr\u00e9cise que ce chiffre d\u2019affaires s\u2019affiche ainsi en croissance de 34% par rapport au S1-2019 et de [&hellip;]<\/p>\n","protected":false},"author":1759,"featured_media":0,"comment_status":"closed","ping_status":"closed","sticky":false,"template":"","format":"standard","meta":{"fifu_image_url":"https:\/\/aujourdhui.ma\/wp-content\/uploads\/2017\/09\/Auto-Hall-300x153.jpg","fifu_image_alt":"Au 1er semestre 2021 : Auto Hall consolide son chiffre d\u2019affaires de 2,8 MMDH","footnotes":""},"categories":[73,54],"tags":[],"class_list":["post-123644","post","type-post","status-publish","format-standard","hentry","category-actualite","category-maroc"],"_links":{"self":[{"href":"https:\/\/linitiative.ca\/International\/wp-json\/wp\/v2\/posts\/123644","targetHints":{"allow":["GET"]}}],"collection":[{"href":"https:\/\/linitiative.ca\/International\/wp-json\/wp\/v2\/posts"}],"about":[{"href":"https:\/\/linitiative.ca\/International\/wp-json\/wp\/v2\/types\/post"}],"author":[{"embeddable":true,"href":"https:\/\/linitiative.ca\/International\/wp-json\/wp\/v2\/users\/1759"}],"replies":[{"embeddable":true,"href":"https:\/\/linitiative.ca\/International\/wp-json\/wp\/v2\/comments?post=123644"}],"version-history":[{"count":0,"href":"https:\/\/linitiative.ca\/International\/wp-json\/wp\/v2\/posts\/123644\/revisions"}],"wp:attachment":[{"href":"https:\/\/linitiative.ca\/International\/wp-json\/wp\/v2\/media?parent=123644"}],"wp:term":[{"taxonomy":"category","embeddable":true,"href":"https:\/\/linitiative.ca\/International\/wp-json\/wp\/v2\/categories?post=123644"},{"taxonomy":"post_tag","embeddable":true,"href":"https:\/\/linitiative.ca\/International\/wp-json\/wp\/v2\/tags?post=123644"}],"curies":[{"name":"wp","href":"https:\/\/api.w.org\/{rel}","templated":true}]}}