{"id":123646,"date":"2021-08-09T11:00:11","date_gmt":"2021-08-09T15:00:11","guid":{"rendered":"https:\/\/linitiative.ca\/International\/covid-19-rafle-92-vies-au-niveau-national-en-24h\/"},"modified":"2021-08-09T11:00:11","modified_gmt":"2021-08-09T15:00:11","slug":"covid-19-rafle-92-vies-au-niveau-national-en-24h","status":"publish","type":"post","link":"https:\/\/linitiative.ca\/International\/covid-19-rafle-92-vies-au-niveau-national-en-24h\/","title":{"rendered":"Covid-19 rafle 92 vies au niveau national en 24h"},"content":{"rendered":"<div>\n<p><img decoding=\"async\" width=\"300\" height=\"153\" src=\"https:\/\/linitiative.ca\/International\/wp-content\/uploads\/sites\/23\/2021\/08\/Coronavirus-covid19-300x153-3.jpg\" class=\"attachment-medium size-medium wp-post-image\" alt=\"\" loading=\"lazy\" srcset=\"\/\/aujourdhui.ma\/wp-content\/uploads\/2021\/08\/Coronavirus-covid19-300x153.jpg 300w, \/\/aujourdhui.ma\/wp-content\/uploads\/2021\/08\/Coronavirus-covid19-274x140.jpg 274w, \/\/aujourdhui.ma\/wp-content\/uploads\/2021\/08\/Coronavirus-covid19.jpg 746w, \/\/aujourdhui.ma\/wp-content\/uploads\/2021\/08\/Coronavirus-covid19-165x84.jpg 165w, \/\/aujourdhui.ma\/wp-content\/uploads\/2021\/08\/Coronavirus-covid19-702x358.jpg 702w\" sizes=\"auto, (max-width: 300px) 100vw, 300px\"><\/p>\n<p><span style=\"color: #800000;\"><strong>Un record des d\u00e9c\u00e8s a \u00e9t\u00e9 enregistr\u00e9 samedi 7 ao\u00fbt<\/strong><\/span><span id=\"more-383617\"><\/span><\/p>\n<p>La situation sanitaire au Maroc inqui\u00e8te. La courbe des d\u00e9c\u00e8s li\u00e9s \u00e0 la Covid monte en fl\u00e8che. Pas plus tard que samedi 7 ao\u00fbt, 92 personnes ont succomb\u00e9 \u00e0 ce virus marquant ainsi un record depuis la recrudescence des contaminations observ\u00e9e, il y a quelques semaines d\u00e9j\u00e0. La Covid-19 a rafl\u00e9 ainsi 10.225 vies depuis la d\u00e9claration du 1er cas en mars 2020. Sur les 92 d\u00e9c\u00e8s enregistr\u00e9s entre le 6 et le 7 ao\u00fbt, 30 ont \u00e9t\u00e9 d\u00e9clar\u00e9s au niveau de la r\u00e9gion Casablanca-Settat (dont 25 \u00e0 la ville de Casablanca), 13 au niveau de Rabat-Sal\u00e9-Kenitra, 12 \u00e0 Marrakech-Safi, 9 \u00e0 Souss-Massa, 7 \u00e0 Tanger-T\u00e9touan Al Hoceima, 6 \u00e0 Dr\u00e2a-Tafilalet. De m\u00eame, 5 d\u00e9c\u00e8s ont \u00e9t\u00e9 recens\u00e9s dans l\u2019Oriental contre 3 \u00e0 B\u00e9ni-Mellal-Kh\u00e9nifra, 3 \u00e0 F\u00e8s-Mekn\u00e8s et 2 \u00e0 La\u00e2youne-Sakia El Hamra et \u00e0 Guelmim-Oued Noun. Les cas de contaminations ont atteint pour leur part les 10.609 avec une forte concentration au niveau de la r\u00e9gion Casablanca-Settat.<\/p>\n<p>On note dans ce sens 3.051 nouvelles contaminations dont 2.149 \u00e0 la ville de Casablanca. La r\u00e9gion de Rabat-Sal\u00e9-K\u00e9nitra a enregistr\u00e9 pour sa part 1.479 nouveaux cas contre 1.108 cas \u00e0 Souss-Massa, 1.106 \u00e0 Tanger-T\u00e9touan-Al Hoceima et 1.034 \u00e0 Marrakech-Safi. Le nombre de cas s\u00e9v\u00e8res ou critiques a atteint samedi \u00e0 16h les 1.544 cas dont 240 nouvelles admissions en 24 heures. De ce total 1.033 cas sont sous respiration artificielle dont 46 intub\u00e9s et 987 sous ventilation non invasive.<\/p>\n<p><span style=\"color: #ff0000;\"><strong>La vaccination \u00e9largie aux personnes \u00e2g\u00e9es de 20 ans et plus<\/strong><\/span><\/p>\n<p>Face \u00e0 la d\u00e9t\u00e9rioration de la situation sanitaire au niveau national, le Maroc continue de mettre les bouch\u00e9es doubles pour acc\u00e9l\u00e9rer le rythme de vaccination au niveau national et atteindre l\u2019immunit\u00e9 collective. L\u2019op\u00e9ration de vaccination a \u00e9t\u00e9 \u00e9largie ces derni\u00e8res 24 heures \u00e0 la population \u00e2g\u00e9e de 20 ans et plus. Le minist\u00e8re de la sant\u00e9 a dans ce sens \u00e9mis un communiqu\u00e9 annon\u00e7ant l\u2019\u00e9ligibilit\u00e9 de cette cible \u00e0 la vaccination invitant l\u2019ensemble des citoyens et citoyennes \u00e0 adh\u00e9rer \u00e0 ce grand chantier national. \u00abDans le souci d\u2019acc\u00e9l\u00e9rer l\u2019op\u00e9ration de vaccination et de faciliter l\u2019acc\u00e8s au vaccin, les citoyens peuvent se diriger vers le centre de vaccination le plus proche, que ce soit pour la premi\u00e8re ou la deuxi\u00e8me dose, sans prendre en compte les conditions li\u00e9es au lieu et au pays de r\u00e9sidence\u00bb, pr\u00e9cise le d\u00e9partement minist\u00e9riel dans sa derni\u00e8re communication. Et d\u2019appeler \u00abl\u2019ensemble des cat\u00e9gories cibl\u00e9es \u00e0 poursuivre l\u2019adh\u00e9sion \u00e0 ce chantier national majeur, tout en se conformant aux mesures de pr\u00e9vention avant et apr\u00e8s l\u2019op\u00e9ration de vaccination, afin de contribuer aux efforts visant \u00e0 endiguer le virus et progresser vers l\u2019immunit\u00e9 collective pour retrouver la vie normale\u00bb.<\/p>\n<p>Dans la m\u00eame perspective, le minist\u00e8re de l\u2019\u00e9ducation nationale, de la formation professionnelle, de l\u2019enseignement sup\u00e9rieur et de la recherche scientifique a appel\u00e9 l\u2019ensemble des \u00e9tudiants et stagiaires de la formation professionnelle \u00e2g\u00e9s de 20 et plus \u00e0 se faire vacciner \u00e0 partir de lundi. \u00abSuite \u00e0 l\u2019annonce par le d\u00e9partement de la sant\u00e9 de l\u2019\u00e9largissement de la vaccination \u00e0 la cat\u00e9gorie d\u2019\u00e2ge de 20 ans et plus et afin que la prochaine rentr\u00e9e universitaire puisse se d\u00e9rouler dans des conditions optimales de s\u00e9curit\u00e9 pour tous, le minist\u00e8re appelle tous les \u00e9tudiants et stagiaires de la formation professionnelle concern\u00e9s \u00e0 se rendre, \u00e0 partir de lundi, au centre de vaccination le plus proche pour b\u00e9n\u00e9ficier de la premi\u00e8re dose sans condition li\u00e9e au lieu de r\u00e9sidence\u00bb, peut-on relever du d\u00e9partement de Said Amzazi. Le minist\u00e8re exhorte, en outre, \u00ables \u00e9tudiants et les cadres p\u00e9dagogiques et administratifs \u00e0 continuer \u00e0 se conformer aux mesures de pr\u00e9vention mises en place par les autorit\u00e9s sanitaires, afin de contribuer \u00e0 la mobilisation collective pour endiguer la propagation de la pand\u00e9mie de Covid-19\u00bb. Rappelons que le nombre des personnes compl\u00e8tement vaccin\u00e9es fr\u00f4le, \u00e0 ce jour, les 11 millions tandis que celui des primo-vaccin\u00e9s d\u00e9passe le seuil des 15 millions.<\/p>\n<p><span style=\"color: #ff0000;\"><strong>Un chapiteau suppl\u00e9mentaire de prise en charge \u00e0 Marrakech<\/strong><\/span><\/p>\n<p>La mont\u00e9e fulgurante des contaminations sur l\u2019ensemble du territoire compromet la capacit\u00e9 d\u2019accueil des infrastructures hospitali\u00e8res nationales. Se r\u00e9f\u00e9rant aux indicateurs du samedi, le taux d\u2019occupation des lits de r\u00e9animation Covid-19 atteint les 43,1%. Un indicateur alarmant d\u2019autant plus que le taux d\u2019incidence cumul\u00e9e ne cesse d\u2019augmenter. Il se situe \u00e0 la m\u00eame date \u00e0 1.885 cas par 100.000 habitants.<br \/>\nEn vue d\u2019all\u00e9ger la pression sur les \u00e9tablissements hospitaliers, certaines r\u00e9gions ont commenc\u00e9 \u00e0 am\u00e9nager des chapiteaux suppl\u00e9mentaires d\u00e9di\u00e9s \u00e0 la prise en charge des cas de la Covid-19.<\/p>\n<p>A l\u2019instar de Marrakech-Safi, une structure sanitaire est en cours d\u2019am\u00e9nagement. Ce chapiteau dont le coup d\u2019envoi des travaux a \u00e9t\u00e9 donn\u00e9 samedi s\u2019\u00e9tendra sur une superficie de 1.600 m\u00e8tres carr\u00e9s. Il abritera 200 lits dot\u00e9s de tous les \u00e9quipements sanitaires n\u00e9cessaires \u00e0 la prise en charge des cas critiques de la Covid-19. Ce chapiteau vient s\u2019ajouter \u00e0 un autre am\u00e9nag\u00e9 au sein de l\u2019h\u00f4pital Ibn Tofail relevant du Centre hospitalier universitaire (CHU) Mohammed VI de Marrakech lui aussi d\u00e9di\u00e9 \u00e0 la prise en charge des cas critiques du nouveau coronavirus.<\/p>\n<\/div>\n<p>Auteur: ALM<br \/>\n<a href=\"https:\/\/aujourdhui.ma\/societe\/covid-19-rafle-92-vies-au-niveau-national-en-24h\">Cliquez ici pour lire l&rsquo;article depuis sa source.<\/a><\/p>\n","protected":false},"excerpt":{"rendered":"<p>Un record des d\u00e9c\u00e8s a \u00e9t\u00e9 enregistr\u00e9 samedi 7 ao\u00fbt La situation sanitaire au Maroc inqui\u00e8te. La courbe des d\u00e9c\u00e8s li\u00e9s \u00e0 la Covid monte en fl\u00e8che. Pas plus tard que samedi 7 ao\u00fbt, 92 personnes ont succomb\u00e9 \u00e0 ce virus marquant ainsi un record depuis la recrudescence des contaminations observ\u00e9e, il y a quelques [&hellip;]<\/p>\n","protected":false},"author":1759,"featured_media":0,"comment_status":"closed","ping_status":"closed","sticky":false,"template":"","format":"standard","meta":{"fifu_image_url":"https:\/\/aujourdhui.ma\/wp-content\/uploads\/2021\/08\/Coronavirus-covid19-300x153.jpg","fifu_image_alt":"Covid-19 rafle 92 vies au niveau national en 24h","footnotes":""},"categories":[73,54],"tags":[],"class_list":["post-123646","post","type-post","status-publish","format-standard","hentry","category-actualite","category-maroc"],"_links":{"self":[{"href":"https:\/\/linitiative.ca\/International\/wp-json\/wp\/v2\/posts\/123646","targetHints":{"allow":["GET"]}}],"collection":[{"href":"https:\/\/linitiative.ca\/International\/wp-json\/wp\/v2\/posts"}],"about":[{"href":"https:\/\/linitiative.ca\/International\/wp-json\/wp\/v2\/types\/post"}],"author":[{"embeddable":true,"href":"https:\/\/linitiative.ca\/International\/wp-json\/wp\/v2\/users\/1759"}],"replies":[{"embeddable":true,"href":"https:\/\/linitiative.ca\/International\/wp-json\/wp\/v2\/comments?post=123646"}],"version-history":[{"count":0,"href":"https:\/\/linitiative.ca\/International\/wp-json\/wp\/v2\/posts\/123646\/revisions"}],"wp:attachment":[{"href":"https:\/\/linitiative.ca\/International\/wp-json\/wp\/v2\/media?parent=123646"}],"wp:term":[{"taxonomy":"category","embeddable":true,"href":"https:\/\/linitiative.ca\/International\/wp-json\/wp\/v2\/categories?post=123646"},{"taxonomy":"post_tag","embeddable":true,"href":"https:\/\/linitiative.ca\/International\/wp-json\/wp\/v2\/tags?post=123646"}],"curies":[{"name":"wp","href":"https:\/\/api.w.org\/{rel}","templated":true}]}}