{"id":123648,"date":"2021-08-09T11:30:38","date_gmt":"2021-08-09T15:30:38","guid":{"rendered":"https:\/\/linitiative.ca\/International\/covid-19-ne-pas-interrompre-lallaitement-maternel-ni-pendant-linfection-ni-apres-la-vaccination\/"},"modified":"2021-08-09T11:30:38","modified_gmt":"2021-08-09T15:30:38","slug":"covid-19-ne-pas-interrompre-lallaitement-maternel-ni-pendant-linfection-ni-apres-la-vaccination","status":"publish","type":"post","link":"https:\/\/linitiative.ca\/International\/covid-19-ne-pas-interrompre-lallaitement-maternel-ni-pendant-linfection-ni-apres-la-vaccination\/","title":{"rendered":"Covid-19 : Ne pas interrompre l\u2019allaitement maternel ni pendant l\u2019infection ni apr\u00e8s la vaccination"},"content":{"rendered":"<div>\n<p><img decoding=\"async\" width=\"300\" height=\"153\" src=\"https:\/\/linitiative.ca\/International\/wp-content\/uploads\/sites\/23\/2021\/08\/mondecovid-300x153-1.jpg\" class=\"attachment-medium size-medium wp-post-image\" alt=\"\" loading=\"lazy\" srcset=\"\/\/aujourdhui.ma\/wp-content\/uploads\/2021\/08\/mondecovid-300x153.jpg 300w, \/\/aujourdhui.ma\/wp-content\/uploads\/2021\/08\/mondecovid-274x140.jpg 274w, \/\/aujourdhui.ma\/wp-content\/uploads\/2021\/08\/mondecovid.jpg 746w, \/\/aujourdhui.ma\/wp-content\/uploads\/2021\/08\/mondecovid-165x84.jpg 165w, \/\/aujourdhui.ma\/wp-content\/uploads\/2021\/08\/mondecovid-702x358.jpg 702w\" sizes=\"auto, (max-width: 300px) 100vw, 300px\"><\/p>\n<p><span style=\"color: #800000;\"><strong>L\u2019Organisation mondiale de la sant\u00e9 le recommande<\/strong><\/span><span id=\"more-383620\"><\/span><\/p>\n<p>La question ne cesse de se poser. La femme atteinte de la Covid-19 devra-t-elle suspendre l\u2019allaitement pendant l\u2019infection ? L\u2019Organisation mondiale de la sant\u00e9 l\u00e8ve le doute et recommande l\u2019allaitement maternel aussi bien en cas de contamination qu\u2019en cas de vaccination. \u00abL\u2019allaitement maternel pr\u00e9sente de nombreux avantages pour la m\u00e8re et l\u2019enfant et ne doit pas \u00eatre interrompu pendant l\u2019infection par la Covid-19 ni apr\u00e8s la vaccination de la m\u00e8re\u00bb, pr\u00e9cise l\u2019OMS \u00e0 l\u2019occasion de la semaine mondiale de l\u2019allaitement maternel. Et de poursuivre que \u00able virus responsable de la Covid-19 n\u2019a pas \u00e9t\u00e9 d\u00e9tect\u00e9 dans le lait maternel, selon un nombre limit\u00e9 d\u2019\u00e9tudes, \u00e0 ce jour, ce qui indique qu\u2019il est s\u00fbr de poursuivre l\u2019allaitement, tout en prenant les pr\u00e9cautions recommand\u00e9es, m\u00eame si une m\u00e8re d\u00e9veloppe la Covid-19\u00bb.<\/p>\n<p>Selon l\u2019OMS, sur la base des preuves disponibles \u00e0 ce jour et des connaissances sur le fonctionnement des vaccins Covid-19, la vaccination d\u2019une m\u00e8re qui allaite pour la prot\u00e9ger de la Covid-19 ne pr\u00e9sente aucun risque pour son enfant. \u00abLes m\u00e8res allaitantes qui ont re\u00e7u le vaccin Covid-19 ont des anticorps dans leur lait, qui pourraient m\u00eame contribuer \u00e0 prot\u00e9ger leur b\u00e9b\u00e9 contre l\u2019infection par le virus\u00bb, a ajout\u00e9 l\u2019agence onusienne. L\u2019OMS\/Europe exhorte les femmes qui allaitent \u00e0 se faire vacciner contre la Covid-19 lorsque leur tour viendra, conform\u00e9ment aux plans de vaccination nationaux.<\/p>\n<p>L\u2019OMS ne recommande pas d\u2019interrompre l\u2019allaitement en raison de la vaccination contre la Covid-19 et rappelle que l\u2019allaitement maternel est l\u2019un des moyens les plus efficaces d\u2019assurer la sant\u00e9 et la survie de l\u2019enfant, notamment en lui fournissant des anticorps et une protection.<br \/>\nDe plus en plus de preuves confirment l\u2019importance de l\u2019allaitement maternel pour la croissance, le d\u00e9veloppement et la sant\u00e9 de l\u2019enfant, ainsi que pour l\u2019aider \u00e0 \u00e9viter l\u2019ob\u00e9sit\u00e9 et les maladies non transmissibles plus tard dans la vie, fait valoir l\u2019OMS, ajoutant qu\u2019il contient des anticorps et d\u2019autres avantages immunologiques qui peuvent aider \u00e0 prot\u00e9ger contre les maladies respiratoires.<\/p>\n<\/div>\n<p>Auteur: ALM<br \/>\n<a href=\"https:\/\/aujourdhui.ma\/societe\/covid-19-ne-pas-interrompre-lallaitement-maternel-ni-pendant-linfection-ni-apres-la-vaccination\">Cliquez ici pour lire l&rsquo;article depuis sa source.<\/a><\/p>\n","protected":false},"excerpt":{"rendered":"<p>L\u2019Organisation mondiale de la sant\u00e9 le recommande La question ne cesse de se poser. La femme atteinte de la Covid-19 devra-t-elle suspendre l\u2019allaitement pendant l\u2019infection ? L\u2019Organisation mondiale de la sant\u00e9 l\u00e8ve le doute et recommande l\u2019allaitement maternel aussi bien en cas de contamination qu\u2019en cas de vaccination. \u00abL\u2019allaitement maternel pr\u00e9sente de nombreux avantages pour [&hellip;]<\/p>\n","protected":false},"author":1759,"featured_media":0,"comment_status":"closed","ping_status":"closed","sticky":false,"template":"","format":"standard","meta":{"fifu_image_url":"https:\/\/aujourdhui.ma\/wp-content\/uploads\/2021\/08\/mondecovid-300x153.jpg","fifu_image_alt":"Covid-19 : Ne pas interrompre l\u2019allaitement maternel ni pendant l\u2019infection ni apr\u00e8s la vaccination","footnotes":""},"categories":[73,54],"tags":[],"class_list":["post-123648","post","type-post","status-publish","format-standard","hentry","category-actualite","category-maroc"],"_links":{"self":[{"href":"https:\/\/linitiative.ca\/International\/wp-json\/wp\/v2\/posts\/123648","targetHints":{"allow":["GET"]}}],"collection":[{"href":"https:\/\/linitiative.ca\/International\/wp-json\/wp\/v2\/posts"}],"about":[{"href":"https:\/\/linitiative.ca\/International\/wp-json\/wp\/v2\/types\/post"}],"author":[{"embeddable":true,"href":"https:\/\/linitiative.ca\/International\/wp-json\/wp\/v2\/users\/1759"}],"replies":[{"embeddable":true,"href":"https:\/\/linitiative.ca\/International\/wp-json\/wp\/v2\/comments?post=123648"}],"version-history":[{"count":0,"href":"https:\/\/linitiative.ca\/International\/wp-json\/wp\/v2\/posts\/123648\/revisions"}],"wp:attachment":[{"href":"https:\/\/linitiative.ca\/International\/wp-json\/wp\/v2\/media?parent=123648"}],"wp:term":[{"taxonomy":"category","embeddable":true,"href":"https:\/\/linitiative.ca\/International\/wp-json\/wp\/v2\/categories?post=123648"},{"taxonomy":"post_tag","embeddable":true,"href":"https:\/\/linitiative.ca\/International\/wp-json\/wp\/v2\/tags?post=123648"}],"curies":[{"name":"wp","href":"https:\/\/api.w.org\/{rel}","templated":true}]}}