{"id":123657,"date":"2021-08-09T10:23:32","date_gmt":"2021-08-09T14:23:32","guid":{"rendered":"https:\/\/linitiative.ca\/International\/la-jeunesse-thailandaise-reclame-une-reforme-de-la-monarchie\/"},"modified":"2021-08-09T10:23:32","modified_gmt":"2021-08-09T14:23:32","slug":"la-jeunesse-thailandaise-reclame-une-reforme-de-la-monarchie","status":"publish","type":"post","link":"https:\/\/linitiative.ca\/International\/la-jeunesse-thailandaise-reclame-une-reforme-de-la-monarchie\/","title":{"rendered":"La jeunesse tha\u00eflandaise r\u00e9clame une r\u00e9forme de la monarchie"},"content":{"rendered":"<div>\n<p class=\"has-text-align-center has-vivid-red-color has-text-color\"><strong>Attendons pour voir\u2026<\/strong><\/p>\n<p class=\"has-text-align-right\"><strong>Nabil El Bousaadi<\/strong><\/p>\n<p class=\"has-vivid-cyan-blue-color has-text-color\"><strong>Samedi, alors que pr\u00e8s de 22.000 nouvelles contaminations et 212 d\u00e9c\u00e8s des suites du Covid-19 ont \u00e9t\u00e9 enregistr\u00e9es, dans le pays, durant les derni\u00e8res 24 heures, la police tha\u00eflandaise a d\u00fb faire usage de bombes lacrymog\u00e8nes et de balles en caoutchouc pour disperser les centaines de manifestants pro-d\u00e9mocratie qui s\u2019\u00e9taient rassembl\u00e9s \u00e0 Bangkok pour demander une r\u00e9forme politique et une meilleure gestion de l\u2019\u00e9pid\u00e9mie du coronavirus.<\/strong><\/p>\n<p>\u00ab\u00a0Gouvernement meurtrier\u00a0\u00bb, \u00ab\u00a0d\u00e9mission\u00a0\u00bb pouvait-on lire sur les affiches brandies par les manifestants qui d\u00e9noncent la lenteur qu\u2019a connue la campagne de vaccination puisque, sur les 70 millions de tha\u00eflandais, seuls moins de 4,5 millions ont re\u00e7u leurs deux doses de vaccin anti-covid.<\/p>\n<p>Les manifestants r\u00e9clament, en outre, l\u2019utilisation, par les autorit\u00e9s tha\u00eflandaises, de vaccins \u00e0 ARN messagers tels ceux de Pfizer et de Moderna \u00e0 la place du Sinovac chinois jug\u00e9 comme n\u2019ayant que trop peu d\u2019effet face au variant \u00ab\u00a0delta\u00a0\u00bb<\/p>\n<p>La province m\u00e9ridionale de Narathiwat n\u2019a pas \u00e9t\u00e9 en reste puisque plusieurs dizaines de tha\u00eflandais sont, \u00e9galement, descendus dans la rue en faisant le fameux salut \u00e0 trois doigts pour signifier la contestation et pour r\u00e9clamer la d\u00e9mission du chef du gouvernement Prayut Chan-O-Cha, venu au pouvoir \u00e0 la faveur d\u2019un coup d\u2019Etat en 2014 et l\u00e9gitim\u00e9 cinq ann\u00e9es plus tard par des \u00e9lections controvers\u00e9es.<\/p>\n<p>Pour rappel, apr\u00e8s son accession au tr\u00f4ne, en 2016, Maha Vajiralongkorn devenu, depuis lors \u00ab\u00a0Rama X\u00a0\u00bb, avait\u00a0\u00a0apport\u00e9 quelques r\u00e9formes au syst\u00e8me en place en prenant le contr\u00f4le direct des actifs royaux et en pla\u00e7ant, sous son commandement, certaines unit\u00e9s de l\u2019arm\u00e9e.<\/p>\n<p>Mais m\u00eame s\u2019ils entendent r\u00e9former la monarchie par la suppression du fameux article 112 aux termes duquel toute personne reconnue coupable de \u00ab\u00a0crime de l\u00e8se-majest\u00e9\u00a0\u00bb pour avoir \u00ab\u00a0diffam\u00e9, insult\u00e9 ou menac\u00e9 le roi ou un membre de sa famille\u00a0\u00bb encourt jusqu\u2019\u00e0 quinze ann\u00e9es d\u2019emprisonnement, la principale cible des manifestants reste, incontestablement, le Premier ministre Prayut Chan-O-Cha, cet ancien chef de l\u2019arm\u00e9e, arriv\u00e9 au pouvoir en 2014 \u00e0 la faveur d\u2019un coup d\u2019Etat et qui s\u2019y est maintenu en d\u00e9pit des \u00e9lections contest\u00e9es de l\u2019ann\u00e9e derni\u00e8re.<\/p>\n<p>Or, outre la d\u00e9mission de ce dernier, les tha\u00eflandais r\u00e9clament l\u2019arr\u00eat des menaces contre le peuple, la dissolution du Parlement et la promulgation d\u2019un nouveau texte constitutionnel en remplacement de la Constitution de 2017 qui conf\u00e8re d\u2019importants pouvoirs aux 250 s\u00e9nateurs choisis par l\u2019arm\u00e9e.<\/p>\n<p>Aussi, apr\u00e8s avoir consid\u00e9r\u00e9 que ces manifestations \u00e9taient \u00ab\u00a0inacceptables\u00a0\u00bb et \u00ab\u00a0tr\u00e8s risqu\u00e9es\u00a0\u00bb, le premier ministre a fini par changer son fusil d\u2019\u00e9paule et par appeler \u00e0 l\u2019unit\u00e9 en allant m\u00eame jusqu\u2019\u00e0 d\u00e9clarer que \u00ab\u00a0le futur appartient aux jeunes\u00a0\u00bb. Prayut Chan-O-Cha essaie, par-l\u00e0, d\u2019arrondir les angles en ce moment o\u00f9 le pays conna\u00eet l\u2019une de ses pires crises \u00e9conomiques depuis 1997 car, en envoyant au ch\u00f4mage des millions de tha\u00eflandais,\u00a0\u00a0la pand\u00e9mie du coronavirus a mis \u00e0 nu les in\u00e9galit\u00e9s d\u2019une \u00e9conomie dont b\u00e9n\u00e9ficie, avant tout, l\u2019\u00e9lite pro-militaire.<\/p>\n<p>La jeunesse tha\u00eflandaise parviendra-t-elle, in fine, \u00e0 mettre un terme \u00e0 la \u00ab\u00a0dictature\u00a0\u00bb des galonn\u00e9s qui gouvernent le pays ou, au moins, \u00e0 contraindre ces derniers \u00e0 se dessaisir d\u2019une partie de leurs pouvoirs\u00a0? Attendons pour voir\u2026\u00a0<\/p>\n<p>L\u2019article <a rel=\"nofollow\" href=\"http:\/\/albayane.press.ma\/la-jeunesse-thailandaise-reclame-une-reforme-de-la-monarchie.html\">La jeunesse tha\u00eflandaise r\u00e9clame une r\u00e9forme de la monarchie<\/a> est apparu en premier sur <a rel=\"nofollow\" href=\"http:\/\/albayane.press.ma\/\">ALBAYANE<\/a>.<\/p>\n<\/div>\n<p>Auteur: M&rsquo;hammed rahal<br \/>\n<a href=\"http:\/\/albayane.press.ma\/la-jeunesse-thailandaise-reclame-une-reforme-de-la-monarchie.html\">Cliquez ici pour lire l&rsquo;article depuis sa source.<\/a><\/p>\n","protected":false},"excerpt":{"rendered":"<p>Attendons pour voir\u2026 Nabil El Bousaadi Samedi, alors que pr\u00e8s de 22.000 nouvelles contaminations et 212 d\u00e9c\u00e8s des suites du Covid-19 ont \u00e9t\u00e9 enregistr\u00e9es, dans le pays, durant les derni\u00e8res 24 heures, la police tha\u00eflandaise a d\u00fb faire usage de bombes lacrymog\u00e8nes et de balles en caoutchouc pour disperser les centaines de manifestants pro-d\u00e9mocratie qui [&hellip;]<\/p>\n","protected":false},"author":1760,"featured_media":0,"comment_status":"closed","ping_status":"closed","sticky":false,"template":"","format":"standard","meta":{"fifu_image_url":"","fifu_image_alt":"","footnotes":""},"categories":[73,54],"tags":[],"class_list":["post-123657","post","type-post","status-publish","format-standard","hentry","category-actualite","category-maroc"],"_links":{"self":[{"href":"https:\/\/linitiative.ca\/International\/wp-json\/wp\/v2\/posts\/123657","targetHints":{"allow":["GET"]}}],"collection":[{"href":"https:\/\/linitiative.ca\/International\/wp-json\/wp\/v2\/posts"}],"about":[{"href":"https:\/\/linitiative.ca\/International\/wp-json\/wp\/v2\/types\/post"}],"author":[{"embeddable":true,"href":"https:\/\/linitiative.ca\/International\/wp-json\/wp\/v2\/users\/1760"}],"replies":[{"embeddable":true,"href":"https:\/\/linitiative.ca\/International\/wp-json\/wp\/v2\/comments?post=123657"}],"version-history":[{"count":0,"href":"https:\/\/linitiative.ca\/International\/wp-json\/wp\/v2\/posts\/123657\/revisions"}],"wp:attachment":[{"href":"https:\/\/linitiative.ca\/International\/wp-json\/wp\/v2\/media?parent=123657"}],"wp:term":[{"taxonomy":"category","embeddable":true,"href":"https:\/\/linitiative.ca\/International\/wp-json\/wp\/v2\/categories?post=123657"},{"taxonomy":"post_tag","embeddable":true,"href":"https:\/\/linitiative.ca\/International\/wp-json\/wp\/v2\/tags?post=123657"}],"curies":[{"name":"wp","href":"https:\/\/api.w.org\/{rel}","templated":true}]}}