{"id":123658,"date":"2021-08-09T10:26:50","date_gmt":"2021-08-09T14:26:50","guid":{"rendered":"https:\/\/linitiative.ca\/International\/mali-une-cinquantaine-de-civils-tues-par-des-jihadistes\/"},"modified":"2021-08-09T10:26:50","modified_gmt":"2021-08-09T14:26:50","slug":"mali-une-cinquantaine-de-civils-tues-par-des-jihadistes","status":"publish","type":"post","link":"https:\/\/linitiative.ca\/International\/mali-une-cinquantaine-de-civils-tues-par-des-jihadistes\/","title":{"rendered":"Mali: Une cinquantaine de civils tu\u00e9s par des jihadistes"},"content":{"rendered":"<div>\n<p class=\"has-text-color\" style=\"color:#064ae5\"><strong>Une cinquantaine de civils ont \u00e9t\u00e9 tu\u00e9s dimanche dans le nord du Mali lors d\u2019attaques imput\u00e9es \u00e0 des jihadistes contre trois localit\u00e9s voisines et proches de la fronti\u00e8re avec le Niger, selon un bilan provisoire des autorit\u00e9s.<\/strong><\/p>\n<p>Un document de la pr\u00e9fecture locale consult\u00e9 par l\u2019AFP indique que 51 personnes ont \u00e9t\u00e9 tu\u00e9es dans des attaques simultan\u00e9es contre les villages de Karou, Ouatagouna et Daoutegeft, dans la r\u00e9gion de Gao. Des maisons ont \u00e9t\u00e9 saccag\u00e9es et incendi\u00e9es et du b\u00e9tail emport\u00e9, ajoute le message.<\/p>\n<p>\u00abLes terroristes sont entr\u00e9s dans les villages et ont massacr\u00e9 tout le monde\u00bb, a d\u00e9clar\u00e9 \u00e0 l\u2019AFP un responsable s\u00e9curitaire. Par \u00abterroristes\u00bb, les officiels entendent g\u00e9n\u00e9ralement jihadistes.<\/p>\n<p>Toutes les sources interrog\u00e9es par l\u2019AFP se sont exprim\u00e9es sous couvert d\u2019anonymat pour des raisons de s\u00e9curit\u00e9.<\/p>\n<p>\u00abA Karou, 20 civils ont \u00e9t\u00e9 massacr\u00e9s. A Ouatagouna, 14 civils ont \u00e9t\u00e9 tu\u00e9s et dans le hameau de Daoutegeft, d\u2019autres civils ont \u00e9t\u00e9 massacr\u00e9s\u00bb, a \u00e9nonc\u00e9 un \u00e9lu d\u2019une des localit\u00e9s. Les assaillants sont arriv\u00e9s \u00e0 moto et ont pris les villageois par surprise, a-t-il ajout\u00e9.<\/p>\n<p>Un \u00e9lu d\u2019une quatri\u00e8me localit\u00e9 a \u00e9galement rapport\u00e9 une attaque contre son village. Un d\u00e9tachement militaire a \u00e9t\u00e9 d\u00e9p\u00each\u00e9 sur place pour porter secours aux populations, a indiqu\u00e9 un responsable militaire.<\/p>\n<p>Un responsable d\u2019une ONG malienne a cependant soulign\u00e9 que les communications avec la zone, tr\u00e8s isol\u00e9e, \u00e9taient mauvaises. La r\u00e9gion, comme une partie du nord du Mali, a \u00e9t\u00e9 largement coup\u00e9e des r\u00e9seaux ces derniers jours \u00e0 cause d\u2019attaques attribu\u00e9es aux jihadistes contre les infrastructures de t\u00e9l\u00e9communications.<\/p>\n<p>Le Mali, pays sah\u00e9lien pauvre et enclav\u00e9, est pris dans la tourmente s\u00e9curitaire et politique depuis 2012.<\/p>\n<p>Les insurrections ind\u00e9pendantistes et maintenant jihadistes men\u00e9es par des groupes li\u00e9s \u00e0 Al-Qa\u00efda et \u00e0 l\u2019organisation Etat islamique, ainsi que les violences intercommunautaires et les exactions de toutes sortes, y compris de la part des forces de s\u00e9curit\u00e9, ont fait des milliers de morts civils et militaires, et des centaines de milliers de d\u00e9plac\u00e9s, malgr\u00e9 le d\u00e9ploiement de forces onusiennes, fran\u00e7aises et \u00e9trang\u00e8res.<\/p>\n<p>Parties du nord du Mali, les violences se sont propag\u00e9es au centre du pays, puis au Burkina Faso et au Niger voisins, touchant particuli\u00e8rement les populations civiles.<\/p>\n<p>Ainsi au Burkina, au moins 12 soldats burkinab\u00e8 ont \u00e9t\u00e9 tu\u00e9s et 8 bless\u00e9s, dimanche \u00e9galement, lors d\u2019une attaque de jihadistes pr\u00e9sum\u00e9s dans le nord-ouest du pays, pr\u00e8s de la fronti\u00e8re du Mali, a annonc\u00e9 lundi le minist\u00e8re de la Communication.<\/p>\n<p>Expert ind\u00e9pendant des Nations Unies sur la situation des droits humains au Mali, Alioune Tine s\u2019alarmait la semaine pass\u00e9e d\u2019une \u00abd\u00e9t\u00e9rioration grave et continue de la s\u00e9curit\u00e9\u00bb au Mali, du fait qu\u2019un \u00abseuil critique\u00bb \u00e9tait franchi et du p\u00e9ril pesant sur l\u2019existence m\u00eame de l\u2019Etat malien.<\/p>\n<p>A l\u2019issue d\u2019une visite de 11 jours, il \u00e9voquait \u00abla d\u00e9faillance des institutions de l\u2019\u00c9tat\u00bb, les \u00abattaques tous azimuts contre les populations civiles\u00bb men\u00e9es par le Groupe de soutien \u00e0 l\u2019islam et aux musulmans (GSIM, ou JNIM, affili\u00e9 \u00e0 Al-Qa\u00efda)\u00bb, l\u2019organisation Etat islamique au Grand Sahara (EIGS) et d\u2019autres groupes arm\u00e9s, ainsi que les enl\u00e8vements, les viols collectifs mais aussi les violences perp\u00e9tr\u00e9es par les forces de s\u00e9curit\u00e9 cens\u00e9es prot\u00e9ger les civils.<\/p>\n<p>Les 258 atteintes aux droits humains commises par les groupes arm\u00e9s et les milices communautaires au cours des six premiers mois de 2021 repr\u00e9sentent d\u00e9j\u00e0 88 % du total de toute l\u2019ann\u00e9e 2020, disait-il dans un communiqu\u00e9.<\/p>\n<p>Il ajoutait que la mission de l\u2019ONU (Minusma) avait \u00abrecens\u00e9 au moins 43 ex\u00e9cutions extrajudiciaires, sommaires ou arbitraires commises par les Forces de d\u00e9fense et de s\u00e9curit\u00e9 maliennes (FDSM) entre le 1er avril et le 30 juin 2021\u00bb.<\/p>\n<p>Le Mali reste sur deux coups d\u2019Etat militaires en un an. Le pouvoir domin\u00e9 par les colonels a fait de la s\u00e9curit\u00e9 l\u2019une de ses priorit\u00e9s, sans \u00eatre parvenu \u00e0 stopper la spirale. Il s\u2019est engag\u00e9 \u00e0 c\u00e9der la place \u00e0 des civils \u00e9lus d\u00e9but 2022.<\/p>\n<p>L\u2019article <a rel=\"nofollow\" href=\"http:\/\/albayane.press.ma\/mali-une-cinquantaine-de-civils-tues-par-des-jihadistes.html\">Mali: Une cinquantaine de civils tu\u00e9s par des jihadistes<\/a> est apparu en premier sur <a rel=\"nofollow\" href=\"http:\/\/albayane.press.ma\/\">ALBAYANE<\/a>.<\/p>\n<\/div>\n<p>Auteur: M&rsquo;hammed rahal<br \/>\n<a href=\"http:\/\/albayane.press.ma\/mali-une-cinquantaine-de-civils-tues-par-des-jihadistes.html\">Cliquez ici pour lire l&rsquo;article depuis sa source.<\/a><\/p>\n","protected":false},"excerpt":{"rendered":"<p>Une cinquantaine de civils ont \u00e9t\u00e9 tu\u00e9s dimanche dans le nord du Mali lors d\u2019attaques imput\u00e9es \u00e0 des jihadistes contre trois localit\u00e9s voisines et proches de la fronti\u00e8re avec le Niger, selon un bilan provisoire des autorit\u00e9s. Un document de la pr\u00e9fecture locale consult\u00e9 par l\u2019AFP indique que 51 personnes ont \u00e9t\u00e9 tu\u00e9es dans des [&hellip;]<\/p>\n","protected":false},"author":1760,"featured_media":0,"comment_status":"closed","ping_status":"closed","sticky":false,"template":"","format":"standard","meta":{"fifu_image_url":"","fifu_image_alt":"","footnotes":""},"categories":[73,54],"tags":[],"class_list":["post-123658","post","type-post","status-publish","format-standard","hentry","category-actualite","category-maroc"],"_links":{"self":[{"href":"https:\/\/linitiative.ca\/International\/wp-json\/wp\/v2\/posts\/123658","targetHints":{"allow":["GET"]}}],"collection":[{"href":"https:\/\/linitiative.ca\/International\/wp-json\/wp\/v2\/posts"}],"about":[{"href":"https:\/\/linitiative.ca\/International\/wp-json\/wp\/v2\/types\/post"}],"author":[{"embeddable":true,"href":"https:\/\/linitiative.ca\/International\/wp-json\/wp\/v2\/users\/1760"}],"replies":[{"embeddable":true,"href":"https:\/\/linitiative.ca\/International\/wp-json\/wp\/v2\/comments?post=123658"}],"version-history":[{"count":0,"href":"https:\/\/linitiative.ca\/International\/wp-json\/wp\/v2\/posts\/123658\/revisions"}],"wp:attachment":[{"href":"https:\/\/linitiative.ca\/International\/wp-json\/wp\/v2\/media?parent=123658"}],"wp:term":[{"taxonomy":"category","embeddable":true,"href":"https:\/\/linitiative.ca\/International\/wp-json\/wp\/v2\/categories?post=123658"},{"taxonomy":"post_tag","embeddable":true,"href":"https:\/\/linitiative.ca\/International\/wp-json\/wp\/v2\/tags?post=123658"}],"curies":[{"name":"wp","href":"https:\/\/api.w.org\/{rel}","templated":true}]}}