{"id":123660,"date":"2021-08-09T10:49:32","date_gmt":"2021-08-09T14:49:32","guid":{"rendered":"https:\/\/linitiative.ca\/International\/jo-de-tokyo-sofiane-el-bakkali-accueilli-en-hero-lors-de-son-arrivee\/"},"modified":"2021-08-09T10:49:32","modified_gmt":"2021-08-09T14:49:32","slug":"jo-de-tokyo-sofiane-el-bakkali-accueilli-en-hero-lors-de-son-arrivee","status":"publish","type":"post","link":"https:\/\/linitiative.ca\/International\/jo-de-tokyo-sofiane-el-bakkali-accueilli-en-hero-lors-de-son-arrivee\/","title":{"rendered":"JO de Tokyo: Sofiane El Bakkali accueilli en h\u00e9ro lors de son arriv\u00e9e"},"content":{"rendered":"<div>\n<p class=\"has-vivid-cyan-blue-color has-text-color\"><strong>La m\u00e9daille d\u2019or du 3.000 m steeple remport\u00e9e aux JO de Tokyo constitue un point de d\u00e9part pour de meilleures performances, a assur\u00e9 le champion olympique marocain Sofiane El Bakkali.<\/strong><\/p>\n<p>\u00ab\u00a0Ma carri\u00e8re et mes performances ne vont pas s\u2019arr\u00eater l\u00e0. J\u2019aspire \u00e0 gagner d\u2019autres titres, notamment aux prochains mondiaux et aux JO de Paris en 2024\u00a0\u00bb, a-t-il d\u00e9clar\u00e9 \u00e0 la presse, \u00e0 son arriv\u00e9e dimanche \u00e0 l\u2019a\u00e9roport Rabat-Sal\u00e9.<\/p>\n<p>Les efforts colossaux consentis des ann\u00e9es durant n\u2019ont pas \u00e9t\u00e9 vains et ont \u00e9t\u00e9 couronn\u00e9s par une quatri\u00e8me place honorable aux JO de Rio en 2016, une m\u00e9daille d\u2019argent aux mondiaux de Londres-2017 et le bronze aux mondiaux de Doha-2019, a-t-il expliqu\u00e9.<\/p>\n<p>Tout le monde esp\u00e9rait une m\u00e9daille d\u2019or, a poursuivi le champion olympique marocain (25 ans), affirmant partager sa joie avec l\u2019ensemble du peuple marocain, qui l\u2019a soutenu et encourag\u00e9 \u00e0 Tokyo, en plus de son entraineur Karim Telemsani et la F\u00e9d\u00e9ration royale marocaine d\u2019athl\u00e9tisme (FRMA).<\/p>\n<p>De son c\u00f4t\u00e9, Karim Telemsani a affirm\u00e9 que ce sacre olympique est \u00ab\u00a0amplement m\u00e9rit\u00e9 et n\u2019est en aucun cas le fruit du hasard\u00a0\u00bb. \u00ab\u00a0Il s\u2019agit du couronnement de plusieurs ann\u00e9es de pr\u00e9paration et d\u2019efforts intenses, dont les fruits ont commenc\u00e9 \u00e0 \u00eatre cueillis d\u00e8s les JO de Rio\u00a0\u00bb, a-t-il pr\u00e9cis\u00e9.<\/p>\n<p>\u00ab\u00a0Sofiane pouvait d\u00e9j\u00e0 remporter une m\u00e9daille \u00e0 Rio en 2016, n\u2019\u00e9tait le manque d\u2019exp\u00e9rience\u00a0\u00bb, a-t-il relev\u00e9, notant que le champion marocain a r\u00e9ussi \u00e0 remporter une m\u00e9daille d\u2019argent aux mondiaux de Londres-2017 et une de bronze \u00e0 Doha en 2019.<\/p>\n<p>Sofiane El Bakkali continuera, sans aucun doute, de fournir davantage d\u2019efforts pour signer de meilleures performances, notamment lors des prochains mondiaux et des JO de Paris-2024, a-t-il ajout\u00e9.<\/p>\n<p>La FRMA a organis\u00e9, \u00e0 cette occasion, une r\u00e9ception, en son si\u00e8ge, en l\u2019honneur du champion olympique marocain, marqu\u00e9e par la pr\u00e9sence notamment de son pr\u00e9sident Abdeslam Ahizoune, certains athl\u00e8tes marocains ayant pris part aux JO de Tokyo et des membres de la direction technique nationale.<\/p>\n<p>Dans une d\u00e9claration \u00e0 la presse, M. Ahizoune a estim\u00e9 que la m\u00e9daille d\u2019or remport\u00e9e par El Bakkali \u00e0 Tokyo est une source de fiert\u00e9 pour l\u2019athl\u00e9tisme national et pour tous les Marocains.<\/p>\n<p>\u00ab\u00a0C\u2019est une cons\u00e9cration du peuple marocain tout entier. L\u2019avenir sera certes meilleur. Rendez-vous donc en 2024 \u00e0 Paris\u00a0\u00bb, a-t-il soulign\u00e9.<\/p>\n<p>Un accueil chaleureux a \u00e9t\u00e9 r\u00e9serv\u00e9, dimanche \u00e0 F\u00e8s, au champion olympique marocain Soufiane El Bakkali. A El Merja, de nombreux jeunes ont longuement applaudi l\u2019enfant du quartier, qui a honor\u00e9 les couleurs du Maroc et sa ville natale, en particulier.<\/p>\n<p>Dans une d\u00e9claration \u00e0 la presse, le champion a exprim\u00e9 son immense joie pour l\u2019accueil populaire qui lui \u00e9t\u00e9 r\u00e9serv\u00e9, apr\u00e8s celui officiel \u00e0 Rabat.<\/p>\n<p>\u2018\u2019Ce titre est de bon augure pour l\u2019athl\u00e9tisme marocain et les jeunes qui pratiquent cette discipline\u2019\u2019, a-t-il assur\u00e9, estimant que les jeunes talents sont \u2018\u2019tout \u00e0 fait capables de ressusciter les gloires de l\u2019athl\u00e9tisme marocain sur la sc\u00e8ne internationale\u2019\u2019.<\/p>\n<p>Driss El Adel, de la ligue F\u00e8s-Boulemane d\u2019athl\u00e9tisme, a assur\u00e9, \u00e0 cette occasion, que l\u2019exploit de Soufiane repr\u00e9sente \u2018\u2019une fiert\u00e9 pour tous les Marocains et un honneur pour la r\u00e9gion F\u00e8s-Mekn\u00e8s et le club Ahl F\u00e8s d\u2019athl\u00e9tisme, auquel appartient Soufiane El Bekkali\u2019\u2019.<\/p>\n<p>El Bakkali a offert au Maroc sa seule m\u00e9daille aux JO de Tokyo. Il s\u2019est impos\u00e9 en 8min 8s 90\/100 devant l\u2019\u00c9thiopien Lamecha Girma (8min 10s 38\/100) et le K\u00e9nyan Benjamin Kigen (8min 11s 45\/100).<\/p>\n<p>La carri\u00e8re sportive internationale d\u2019El Bakkali a d\u00e9but\u00e9 en 2014 lors des Championnats du monde juniors \u00e0 Eug\u00e8ne aux \u00c9tats-Unis, quand il a termin\u00e9 4\u00e8 du 3.000 m steeple. En 2015, il a occup\u00e9 la 7\u00e8 place des mondiaux juniors de cross-country.<\/p>\n<p>A Rio en 2016, il a termin\u00e9 au pied du podium du 3.000 m steeple, avant de d\u00e9crocher la premi\u00e8re place de la Ligue de Diamant et la m\u00e9daille d\u2019argent aux mondiaux de Londres-2017.<\/p>\n<p>L\u2019article <a rel=\"nofollow\" href=\"http:\/\/albayane.press.ma\/jo-de-tokyo-sofiane-el-bakkali-accueilli-en-hero-lors-de-son-arrivee.html\">JO de Tokyo: Sofiane El Bakkali accueilli en h\u00e9ro lors de son arriv\u00e9e<\/a> est apparu en premier sur <a rel=\"nofollow\" href=\"http:\/\/albayane.press.ma\/\">ALBAYANE<\/a>.<\/p>\n<\/div>\n<p>Auteur: M&rsquo;hammed rahal<br \/>\n<a href=\"http:\/\/albayane.press.ma\/jo-de-tokyo-sofiane-el-bakkali-accueilli-en-hero-lors-de-son-arrivee.html\">Cliquez ici pour lire l&rsquo;article depuis sa source.<\/a><\/p>\n","protected":false},"excerpt":{"rendered":"<p>La m\u00e9daille d\u2019or du 3.000 m steeple remport\u00e9e aux JO de Tokyo constitue un point de d\u00e9part pour de meilleures performances, a assur\u00e9 le champion olympique marocain Sofiane El Bakkali. \u00ab\u00a0Ma carri\u00e8re et mes performances ne vont pas s\u2019arr\u00eater l\u00e0. J\u2019aspire \u00e0 gagner d\u2019autres titres, notamment aux prochains mondiaux et aux JO de Paris en [&hellip;]<\/p>\n","protected":false},"author":1760,"featured_media":0,"comment_status":"closed","ping_status":"closed","sticky":false,"template":"","format":"standard","meta":{"fifu_image_url":"","fifu_image_alt":"","footnotes":""},"categories":[73,54],"tags":[],"class_list":["post-123660","post","type-post","status-publish","format-standard","hentry","category-actualite","category-maroc"],"_links":{"self":[{"href":"https:\/\/linitiative.ca\/International\/wp-json\/wp\/v2\/posts\/123660","targetHints":{"allow":["GET"]}}],"collection":[{"href":"https:\/\/linitiative.ca\/International\/wp-json\/wp\/v2\/posts"}],"about":[{"href":"https:\/\/linitiative.ca\/International\/wp-json\/wp\/v2\/types\/post"}],"author":[{"embeddable":true,"href":"https:\/\/linitiative.ca\/International\/wp-json\/wp\/v2\/users\/1760"}],"replies":[{"embeddable":true,"href":"https:\/\/linitiative.ca\/International\/wp-json\/wp\/v2\/comments?post=123660"}],"version-history":[{"count":0,"href":"https:\/\/linitiative.ca\/International\/wp-json\/wp\/v2\/posts\/123660\/revisions"}],"wp:attachment":[{"href":"https:\/\/linitiative.ca\/International\/wp-json\/wp\/v2\/media?parent=123660"}],"wp:term":[{"taxonomy":"category","embeddable":true,"href":"https:\/\/linitiative.ca\/International\/wp-json\/wp\/v2\/categories?post=123660"},{"taxonomy":"post_tag","embeddable":true,"href":"https:\/\/linitiative.ca\/International\/wp-json\/wp\/v2\/tags?post=123660"}],"curies":[{"name":"wp","href":"https:\/\/api.w.org\/{rel}","templated":true}]}}