{"id":123661,"date":"2021-08-09T07:50:00","date_gmt":"2021-08-09T11:50:00","guid":{"rendered":"https:\/\/linitiative.ca\/International\/alger-ne-perd-pas-de-vue-lessentiel-apres-la-main-tendue-du-maroc\/"},"modified":"2021-08-09T07:50:00","modified_gmt":"2021-08-09T11:50:00","slug":"alger-ne-perd-pas-de-vue-lessentiel-apres-la-main-tendue-du-maroc","status":"publish","type":"post","link":"https:\/\/linitiative.ca\/International\/alger-ne-perd-pas-de-vue-lessentiel-apres-la-main-tendue-du-maroc\/","title":{"rendered":"Alger ne perd pas de vue l\u2019essentiel apr\u00e8s la \u00ab main tendue \u00bb du Maroc"},"content":{"rendered":"<div>Le discours d\u2019 \u00ab apaisement \u00bb du roi du Maroc, Mohamed VI, \u00e0 l\u2019\u00e9gard de l\u2019Alg\u00e9rie, prononc\u00e9 le 31 juillet 2021, \u00e0 l\u2019occasion de la f\u00eate du Tr\u00f4ne, ne semble pas faire \u00e9cho chez le pr\u00e9sident Abdelmadjid Tebboune.<\/div>\n<p>Auteur:<br \/>\n<a href=\"https:\/\/www.liberte-algerie.com\/actualite\/alger-ne-perd-pas-de-vue-lessentiel-apres-la-main-tendue-du-maroc-363123\">Cliquez ici pour lire l&rsquo;article depuis sa source.<\/a><\/p>\n","protected":false},"excerpt":{"rendered":"<p>Le discours d\u2019 \u00ab apaisement \u00bb du roi du Maroc, Mohamed VI, \u00e0 l\u2019\u00e9gard de l\u2019Alg\u00e9rie, prononc\u00e9 le 31 juillet 2021, \u00e0 l\u2019occasion de la f\u00eate du Tr\u00f4ne, ne semble pas faire \u00e9cho chez le pr\u00e9sident Abdelmadjid Tebboune. Auteur: Cliquez ici pour lire l&rsquo;article depuis sa source.<\/p>\n","protected":false},"author":1742,"featured_media":0,"comment_status":"closed","ping_status":"closed","sticky":false,"template":"","format":"standard","meta":{"fifu_image_url":"","fifu_image_alt":"","footnotes":""},"categories":[73,53],"tags":[],"class_list":["post-123661","post","type-post","status-publish","format-standard","hentry","category-actualite","category-algerie"],"_links":{"self":[{"href":"https:\/\/linitiative.ca\/International\/wp-json\/wp\/v2\/posts\/123661","targetHints":{"allow":["GET"]}}],"collection":[{"href":"https:\/\/linitiative.ca\/International\/wp-json\/wp\/v2\/posts"}],"about":[{"href":"https:\/\/linitiative.ca\/International\/wp-json\/wp\/v2\/types\/post"}],"author":[{"embeddable":true,"href":"https:\/\/linitiative.ca\/International\/wp-json\/wp\/v2\/users\/1742"}],"replies":[{"embeddable":true,"href":"https:\/\/linitiative.ca\/International\/wp-json\/wp\/v2\/comments?post=123661"}],"version-history":[{"count":0,"href":"https:\/\/linitiative.ca\/International\/wp-json\/wp\/v2\/posts\/123661\/revisions"}],"wp:attachment":[{"href":"https:\/\/linitiative.ca\/International\/wp-json\/wp\/v2\/media?parent=123661"}],"wp:term":[{"taxonomy":"category","embeddable":true,"href":"https:\/\/linitiative.ca\/International\/wp-json\/wp\/v2\/categories?post=123661"},{"taxonomy":"post_tag","embeddable":true,"href":"https:\/\/linitiative.ca\/International\/wp-json\/wp\/v2\/tags?post=123661"}],"curies":[{"name":"wp","href":"https:\/\/api.w.org\/{rel}","templated":true}]}}